{"id":2821,"date":"2017-03-08T23:35:56","date_gmt":"2017-03-08T23:35:56","guid":{"rendered":"https:\/\/www.angle-vivant.net\/claireceira\/?p=2821"},"modified":"2017-03-18T09:49:03","modified_gmt":"2017-03-18T09:49:03","slug":"2821-2","status":"publish","type":"post","link":"https:\/\/www.angle-vivant.net\/claireceira\/2821-2\/","title":{"rendered":"ma voix f\u00e9minine"},"content":{"rendered":"<p>Aujourd\u2019hui, en cette journ\u00e9e de la femme,<br \/>\nje veux \u00e9crire un po\u00e8me<br \/>\nsur les hommes, sur la beaut\u00e9 masculine.<\/p>\n<p>Cette photo de Frank Zappa<br \/>\ndans le plein essor de sa vie<br \/>\nquelques cheveux gris \u00e0 peine<br \/>\ndans les boucles devant l\u2019oreille.<\/p>\n<p>Le chapeau enfonc\u00e9, le manteau au col de fourrure<br \/>\nincongru, choisi, ouvert<br \/>\nsur les poils de la poitrine<br \/>\nau dessous du cou parfait.<br \/>\nAussi ce regard plant\u00e9 et paisible.<\/p>\n<p>Aujourd\u2019hui dans cette journ\u00e9e de la femme<br \/>\ndire le d\u00e9sir des hommes<br \/>\nl\u2019amour des hommes<br \/>\nqui m\u2019a aimant\u00e9e, anim\u00e9e.<\/p>\n","protected":false},"excerpt":{"rendered":"<p>Aujourd\u2019hui, en cette journ\u00e9e de la femme, je veux \u00e9crire un po\u00e8me sur les hommes, sur la beaut\u00e9 masculine. Cette photo de Frank Zappa dans le plein essor de sa vie quelques cheveux gris \u00e0 peine dans les boucles devant (&hellip;)<\/p>\n<p><a href=\"https:\/\/www.angle-vivant.net\/claireceira\/2821-2\/\">Read the rest of this entry &raquo;<\/a><\/p>\n","protected":false},"author":1,"featured_media":0,"comment_status":"open","ping_status":"closed","sticky":false,"template":"","format":"standard","meta":{"footnotes":""},"categories":[1],"tags":[],"class_list":["post-2821","post","type-post","status-publish","format-standard","hentry","category-non-classe"],"_links":{"self":[{"href":"https:\/\/www.angle-vivant.net\/claireceira\/wp-json\/wp\/v2\/posts\/2821","targetHints":{"allow":["GET"]}}],"collection":[{"href":"https:\/\/www.angle-vivant.net\/claireceira\/wp-json\/wp\/v2\/posts"}],"about":[{"href":"https:\/\/www.angle-vivant.net\/claireceira\/wp-json\/wp\/v2\/types\/post"}],"author":[{"embeddable":true,"href":"https:\/\/www.angle-vivant.net\/claireceira\/wp-json\/wp\/v2\/users\/1"}],"replies":[{"embeddable":true,"href":"https:\/\/www.angle-vivant.net\/claireceira\/wp-json\/wp\/v2\/comments?post=2821"}],"version-history":[{"count":21,"href":"https:\/\/www.angle-vivant.net\/claireceira\/wp-json\/wp\/v2\/posts\/2821\/revisions"}],"predecessor-version":[{"id":2852,"href":"https:\/\/www.angle-vivant.net\/claireceira\/wp-json\/wp\/v2\/posts\/2821\/revisions\/2852"}],"wp:attachment":[{"href":"https:\/\/www.angle-vivant.net\/claireceira\/wp-json\/wp\/v2\/media?parent=2821"}],"wp:term":[{"taxonomy":"category","embeddable":true,"href":"https:\/\/www.angle-vivant.net\/claireceira\/wp-json\/wp\/v2\/categories?post=2821"},{"taxonomy":"post_tag","embeddable":true,"href":"https:\/\/www.angle-vivant.net\/claireceira\/wp-json\/wp\/v2\/tags?post=2821"}],"curies":[{"name":"wp","href":"https:\/\/api.w.org\/{rel}","templated":true}]}}