{"id":2807,"date":"2017-03-07T09:52:33","date_gmt":"2017-03-07T09:52:33","guid":{"rendered":"https:\/\/www.angle-vivant.net\/claireceira\/?p=2807"},"modified":"2017-05-15T16:28:43","modified_gmt":"2017-05-15T16:28:43","slug":"nouvelles-photographiques-7","status":"publish","type":"post","link":"https:\/\/www.angle-vivant.net\/claireceira\/nouvelles-photographiques-7\/","title":{"rendered":"focale (7)"},"content":{"rendered":"<p>Ce sont les derniers mots que je l&rsquo;ai entendu prononcer. Je suis rest\u00e9e muette, contemplant l&rsquo;\u00e9tendue du d\u00e9sastre, puis je suis partie \u00e0 l&rsquo;int\u00e9rieur du b\u00e2timent. D&rsquo;une fen\u00eatre aux vitres sales surplombant une portion du trottoir je l&rsquo;ai vu encore, de dos. Il \u00e9tait accoud\u00e9 au parapet, il se penchait pour voir, les voies, les rails. J&rsquo;ai vu son col relev\u00e9, son manteau noir, ses \u00e9paules. Le parapet faisait un angle tr\u00e8s aigu avec un muret, derri\u00e8re lequel des b\u00e2ches, poudr\u00e9es de neige, cachaient des masses informes. Dans cet angle, sur le vide brumeux des voies, la courbe des rails refl\u00e9tait le blanc du ciel. Il s&rsquo;est redress\u00e9 et il est parti.<\/p>\n","protected":false},"excerpt":{"rendered":"<p>Ce sont les derniers mots que je l&rsquo;ai entendu prononcer. Je suis rest\u00e9e muette, contemplant l&rsquo;\u00e9tendue du d\u00e9sastre, puis je suis partie \u00e0 l&rsquo;int\u00e9rieur du b\u00e2timent. D&rsquo;une fen\u00eatre aux vitres sales surplombant une portion du trottoir je l&rsquo;ai vu encore, (&hellip;)<\/p>\n<p><a href=\"https:\/\/www.angle-vivant.net\/claireceira\/nouvelles-photographiques-7\/\">Read the rest of this entry &raquo;<\/a><\/p>\n","protected":false},"author":1,"featured_media":0,"comment_status":"open","ping_status":"closed","sticky":false,"template":"","format":"standard","meta":{"footnotes":""},"categories":[1],"tags":[],"class_list":["post-2807","post","type-post","status-publish","format-standard","hentry","category-non-classe"],"_links":{"self":[{"href":"https:\/\/www.angle-vivant.net\/claireceira\/wp-json\/wp\/v2\/posts\/2807","targetHints":{"allow":["GET"]}}],"collection":[{"href":"https:\/\/www.angle-vivant.net\/claireceira\/wp-json\/wp\/v2\/posts"}],"about":[{"href":"https:\/\/www.angle-vivant.net\/claireceira\/wp-json\/wp\/v2\/types\/post"}],"author":[{"embeddable":true,"href":"https:\/\/www.angle-vivant.net\/claireceira\/wp-json\/wp\/v2\/users\/1"}],"replies":[{"embeddable":true,"href":"https:\/\/www.angle-vivant.net\/claireceira\/wp-json\/wp\/v2\/comments?post=2807"}],"version-history":[{"count":8,"href":"https:\/\/www.angle-vivant.net\/claireceira\/wp-json\/wp\/v2\/posts\/2807\/revisions"}],"predecessor-version":[{"id":2906,"href":"https:\/\/www.angle-vivant.net\/claireceira\/wp-json\/wp\/v2\/posts\/2807\/revisions\/2906"}],"wp:attachment":[{"href":"https:\/\/www.angle-vivant.net\/claireceira\/wp-json\/wp\/v2\/media?parent=2807"}],"wp:term":[{"taxonomy":"category","embeddable":true,"href":"https:\/\/www.angle-vivant.net\/claireceira\/wp-json\/wp\/v2\/categories?post=2807"},{"taxonomy":"post_tag","embeddable":true,"href":"https:\/\/www.angle-vivant.net\/claireceira\/wp-json\/wp\/v2\/tags?post=2807"}],"curies":[{"name":"wp","href":"https:\/\/api.w.org\/{rel}","templated":true}]}}