{"id":28,"date":"2010-11-23T18:58:00","date_gmt":"2010-11-23T18:58:00","guid":{"rendered":"https:\/\/www.angle-vivant.net\/claireceira\/?p=28"},"modified":"2017-01-05T21:40:21","modified_gmt":"2017-01-05T21:40:21","slug":"noir-et-blanc","status":"publish","type":"post","link":"https:\/\/www.angle-vivant.net\/claireceira\/noir-et-blanc\/","title":{"rendered":"noir et blanc"},"content":{"rendered":"<p><em><img loading=\"lazy\" decoding=\"async\" alt=\"\" src=\"http:\/\/farm9.staticflickr.com\/8142\/7536805356_208825ac16.jpg\" class=\"alignnone\" width=\"500\" height=\"375\" \/><\/p>\n<p>On ne se verra plus et je ne peux plus \u00e9crire,<br \/>\nla tristesse est une b\u00e2che d\u2019ombre<br \/>\npos\u00e9e sur le sol humide des parcs, glissante<br \/>\net la peur est un ciel vertical devin\u00e9 entre les arbres.<br \/>\nPas d\u2019animaux pour brouter, pas de lumi\u00e8re clignotante<br \/>\ndont on se demanderait ce qu\u2019elle indique.<br \/>\npas tellement d\u2019avenir.<br \/>\nla vie comme une b\u00e2che glissant sur un sol sans rien d\u00e9couvrir<br \/>\nd\u2019important. pas de jambes<br \/>\net les heures formant un temps bourbeux,<br \/>\nou emp\u00eatr\u00e9, peu habiles.<br \/>\nLes plaisirs d\u00e9coupent de petites fen\u00eatres dans la fa\u00e7ade,<br \/>\nmais on n\u2019est pas chez soi dans la maison.<br \/>\n\u00e0 la tomb\u00e9e de la nuit leurs couleurs acides<br \/>\ncoulent sur le trottoir.<br \/>\nJ\u2019aimerais mieux le noir et blanc de cette photo<br \/>\no\u00f9 nous \u00e9changions un long regard, braqu\u00e9,<br \/>\nmoi si raide dans le lange de coton \u00e9pais,<br \/>\net toi derri\u00e8re la monture de tes lunettes.<br \/>\nLa vie \u00e9tait pleine comme un oeuf, je m\u2019en souviens tr\u00e8s bien.<\/p>\n<p><\/em><\/p>\n","protected":false},"excerpt":{"rendered":"<p>On ne se verra plus et je ne peux plus \u00e9crire, la tristesse est une b\u00e2che d\u2019ombre pos\u00e9e sur le sol humide des parcs, glissante et la peur est un ciel vertical devin\u00e9 entre les arbres. Pas d\u2019animaux pour brouter, (&hellip;)<\/p>\n<p><a href=\"https:\/\/www.angle-vivant.net\/claireceira\/noir-et-blanc\/\">Read the rest of this entry &raquo;<\/a><\/p>\n","protected":false},"author":1,"featured_media":0,"comment_status":"open","ping_status":"open","sticky":false,"template":"","format":"standard","meta":{"footnotes":""},"categories":[1],"tags":[],"class_list":["post-28","post","type-post","status-publish","format-standard","hentry","category-non-classe"],"_links":{"self":[{"href":"https:\/\/www.angle-vivant.net\/claireceira\/wp-json\/wp\/v2\/posts\/28","targetHints":{"allow":["GET"]}}],"collection":[{"href":"https:\/\/www.angle-vivant.net\/claireceira\/wp-json\/wp\/v2\/posts"}],"about":[{"href":"https:\/\/www.angle-vivant.net\/claireceira\/wp-json\/wp\/v2\/types\/post"}],"author":[{"embeddable":true,"href":"https:\/\/www.angle-vivant.net\/claireceira\/wp-json\/wp\/v2\/users\/1"}],"replies":[{"embeddable":true,"href":"https:\/\/www.angle-vivant.net\/claireceira\/wp-json\/wp\/v2\/comments?post=28"}],"version-history":[{"count":6,"href":"https:\/\/www.angle-vivant.net\/claireceira\/wp-json\/wp\/v2\/posts\/28\/revisions"}],"predecessor-version":[{"id":2687,"href":"https:\/\/www.angle-vivant.net\/claireceira\/wp-json\/wp\/v2\/posts\/28\/revisions\/2687"}],"wp:attachment":[{"href":"https:\/\/www.angle-vivant.net\/claireceira\/wp-json\/wp\/v2\/media?parent=28"}],"wp:term":[{"taxonomy":"category","embeddable":true,"href":"https:\/\/www.angle-vivant.net\/claireceira\/wp-json\/wp\/v2\/categories?post=28"},{"taxonomy":"post_tag","embeddable":true,"href":"https:\/\/www.angle-vivant.net\/claireceira\/wp-json\/wp\/v2\/tags?post=28"}],"curies":[{"name":"wp","href":"https:\/\/api.w.org\/{rel}","templated":true}]}}