{"id":2798,"date":"2017-02-23T13:23:08","date_gmt":"2017-02-23T13:23:08","guid":{"rendered":"https:\/\/www.angle-vivant.net\/claireceira\/?p=2798"},"modified":"2018-08-03T21:37:22","modified_gmt":"2018-08-03T21:37:22","slug":"nouvelle-photographique-6","status":"publish","type":"post","link":"https:\/\/www.angle-vivant.net\/claireceira\/nouvelle-photographique-6\/","title":{"rendered":"focale (6)"},"content":{"rendered":"<p>Elle s&rsquo;est gliss\u00e9e ce matin par le petit portail, au fond du jardin. C&rsquo;\u00e9tait un matin ti\u00e8de de mars. Elle, la peureuse, l&rsquo;attentive, la sans-projet, elle aurait \u00e9t\u00e9 bien en peine de pr\u00e9voir cette brusque impulsion &#8211; entre le battant et la colonne de ciment sur laquelle il s&rsquo;appuie, un coup d&rsquo;\u00e9paule avait suffi pour ouvrir la grande aventure. Elle est partie tout droit vers l&rsquo;est, longeant le trottoir, traversant avec aplomb et comme tout \u00e0 fait avertie. La rue \u00e9tait pleine de choses attractives, mais pas suffisamment pour la ralentir. Elle est pass\u00e9e devant le square, sur le pont surplombant les voies du m\u00e9tro, puis plus loin qu&rsquo;elle n&rsquo;\u00e9tait jamais all\u00e9e. Elle a vu du coin de l&rsquo;oeil le premier qui s&rsquo;est mis \u00e0 la suivre, a retravers\u00e9 la rue en diagonale, et l&rsquo;autre a d\u00e9bouch\u00e9 d&rsquo;une impasse. Elle les entendait derri\u00e8re elle, avan\u00e7ait toujours au m\u00eame rythme, rapidement mais sans fuir. Ils ont parcouru ainsi pr\u00e8s de 500 m\u00e8tres, dans la rue en pente bord\u00e9e de jardinets. Soudain, par dessus la grille basse de l&rsquo;un d&rsquo;entre eux, elle a vu le troisi\u00e8me. La m\u00eame force qui l&rsquo;avait pouss\u00e9e \u00e0 fuir la maison o\u00f9 elle avait grandi, o\u00f9 r\u00e9sidait toute sa s\u00e9curit\u00e9, arr\u00eata brusquement sa course. Elle \u00e9tait absolument immobile, et le resta tandis qu&rsquo;il la contournait, l&rsquo;\u00e9treignait et qu&rsquo;elle sentait son petit p\u00e9nis rigide se frayer un chemin. Les deux autres attendaient, le petit noir et blanc aux oreilles tombantes et le brun.<\/p>\n","protected":false},"excerpt":{"rendered":"<p>Elle s&rsquo;est gliss\u00e9e ce matin par le petit portail, au fond du jardin. C&rsquo;\u00e9tait un matin ti\u00e8de de mars. Elle, la peureuse, l&rsquo;attentive, la sans-projet, elle aurait \u00e9t\u00e9 bien en peine de pr\u00e9voir cette brusque impulsion &#8211; entre le battant (&hellip;)<\/p>\n<p><a href=\"https:\/\/www.angle-vivant.net\/claireceira\/nouvelle-photographique-6\/\">Read the rest of this entry &raquo;<\/a><\/p>\n","protected":false},"author":1,"featured_media":0,"comment_status":"open","ping_status":"closed","sticky":false,"template":"","format":"standard","meta":{"footnotes":""},"categories":[1],"tags":[],"class_list":["post-2798","post","type-post","status-publish","format-standard","hentry","category-non-classe"],"_links":{"self":[{"href":"https:\/\/www.angle-vivant.net\/claireceira\/wp-json\/wp\/v2\/posts\/2798","targetHints":{"allow":["GET"]}}],"collection":[{"href":"https:\/\/www.angle-vivant.net\/claireceira\/wp-json\/wp\/v2\/posts"}],"about":[{"href":"https:\/\/www.angle-vivant.net\/claireceira\/wp-json\/wp\/v2\/types\/post"}],"author":[{"embeddable":true,"href":"https:\/\/www.angle-vivant.net\/claireceira\/wp-json\/wp\/v2\/users\/1"}],"replies":[{"embeddable":true,"href":"https:\/\/www.angle-vivant.net\/claireceira\/wp-json\/wp\/v2\/comments?post=2798"}],"version-history":[{"count":8,"href":"https:\/\/www.angle-vivant.net\/claireceira\/wp-json\/wp\/v2\/posts\/2798\/revisions"}],"predecessor-version":[{"id":3157,"href":"https:\/\/www.angle-vivant.net\/claireceira\/wp-json\/wp\/v2\/posts\/2798\/revisions\/3157"}],"wp:attachment":[{"href":"https:\/\/www.angle-vivant.net\/claireceira\/wp-json\/wp\/v2\/media?parent=2798"}],"wp:term":[{"taxonomy":"category","embeddable":true,"href":"https:\/\/www.angle-vivant.net\/claireceira\/wp-json\/wp\/v2\/categories?post=2798"},{"taxonomy":"post_tag","embeddable":true,"href":"https:\/\/www.angle-vivant.net\/claireceira\/wp-json\/wp\/v2\/tags?post=2798"}],"curies":[{"name":"wp","href":"https:\/\/api.w.org\/{rel}","templated":true}]}}