{"id":27,"date":"2010-10-14T10:11:00","date_gmt":"2010-10-14T10:11:00","guid":{"rendered":"https:\/\/www.angle-vivant.net\/claireceira\/?p=27"},"modified":"2017-01-09T10:37:57","modified_gmt":"2017-01-09T10:37:57","slug":"tot","status":"publish","type":"post","link":"https:\/\/www.angle-vivant.net\/claireceira\/tot\/","title":{"rendered":"t\u00f4t"},"content":{"rendered":"<p><img loading=\"lazy\" decoding=\"async\" alt=\"\" src=\"http:\/\/farm9.staticflickr.com\/8141\/7536748508_b5a004510f_n.jpg\" class=\"alignnone\" width=\"240\" height=\"320\" \/><\/p>\n<p>on fon\u00e7ait dans l\u2019humide nuit d\u2019automne<br \/>\nje te conduisais \u00e0 l\u2019a\u00e9roport.<br \/>\nau retour, les \u00e9oliennes<br \/>\nremuent leurs bras dans le petit matin gris-blanc.<br \/>\nje conduis, une main sur les genoux.<\/p>\n<p>je pense \u00e0 l\u2019abandon,<br \/>\nla fa\u00e7on dont les hommes le vivent,<br \/>\ndans cette violence sourde.<br \/>\nje l\u2019aime \u00e0 ma fa\u00e7on<br \/>\ncomme la brume pos\u00e9e \u00e0 la cime des for\u00eats. <\/p>\n<p>l\u2019abandon devient une racine,<br \/>\nune pluie.<\/p>\n","protected":false},"excerpt":{"rendered":"<p>on fon\u00e7ait dans l\u2019humide nuit d\u2019automne je te conduisais \u00e0 l\u2019a\u00e9roport. au retour, les \u00e9oliennes remuent leurs bras dans le petit matin gris-blanc. je conduis, une main sur les genoux. je pense \u00e0 l\u2019abandon, la fa\u00e7on dont les hommes le (&hellip;)<\/p>\n<p><a href=\"https:\/\/www.angle-vivant.net\/claireceira\/tot\/\">Read the rest of this entry &raquo;<\/a><\/p>\n","protected":false},"author":1,"featured_media":0,"comment_status":"open","ping_status":"open","sticky":false,"template":"","format":"standard","meta":{"footnotes":""},"categories":[1],"tags":[],"class_list":["post-27","post","type-post","status-publish","format-standard","hentry","category-non-classe"],"_links":{"self":[{"href":"https:\/\/www.angle-vivant.net\/claireceira\/wp-json\/wp\/v2\/posts\/27","targetHints":{"allow":["GET"]}}],"collection":[{"href":"https:\/\/www.angle-vivant.net\/claireceira\/wp-json\/wp\/v2\/posts"}],"about":[{"href":"https:\/\/www.angle-vivant.net\/claireceira\/wp-json\/wp\/v2\/types\/post"}],"author":[{"embeddable":true,"href":"https:\/\/www.angle-vivant.net\/claireceira\/wp-json\/wp\/v2\/users\/1"}],"replies":[{"embeddable":true,"href":"https:\/\/www.angle-vivant.net\/claireceira\/wp-json\/wp\/v2\/comments?post=27"}],"version-history":[{"count":4,"href":"https:\/\/www.angle-vivant.net\/claireceira\/wp-json\/wp\/v2\/posts\/27\/revisions"}],"predecessor-version":[{"id":2699,"href":"https:\/\/www.angle-vivant.net\/claireceira\/wp-json\/wp\/v2\/posts\/27\/revisions\/2699"}],"wp:attachment":[{"href":"https:\/\/www.angle-vivant.net\/claireceira\/wp-json\/wp\/v2\/media?parent=27"}],"wp:term":[{"taxonomy":"category","embeddable":true,"href":"https:\/\/www.angle-vivant.net\/claireceira\/wp-json\/wp\/v2\/categories?post=27"},{"taxonomy":"post_tag","embeddable":true,"href":"https:\/\/www.angle-vivant.net\/claireceira\/wp-json\/wp\/v2\/tags?post=27"}],"curies":[{"name":"wp","href":"https:\/\/api.w.org\/{rel}","templated":true}]}}