{"id":25,"date":"2010-07-06T18:31:00","date_gmt":"2010-07-06T18:31:00","guid":{"rendered":"https:\/\/www.angle-vivant.net\/claireceira\/?p=25"},"modified":"2017-01-09T11:11:30","modified_gmt":"2017-01-09T11:11:30","slug":"je-ralentis-je-reconnais-et-je-renonce-a-ce-que-je-dis","status":"publish","type":"post","link":"https:\/\/www.angle-vivant.net\/claireceira\/je-ralentis-je-reconnais-et-je-renonce-a-ce-que-je-dis\/","title":{"rendered":"je ralentis, je reconnais, et je renonce \u00e0 ce que je dis"},"content":{"rendered":"<p><img loading=\"lazy\" decoding=\"async\" alt=\"\" src=\"http:\/\/farm9.staticflickr.com\/8283\/7536865108_12883fde9f.jpg\" class=\"alignnone\" width=\"500\" height=\"375\" \/><\/p>\n<p>on est comme des choses mais on n\u2019est pas entier on n\u2019est que la moiti\u00e9 d\u2019une chose<br \/>\ndure <\/p>\n<p>dont existe<br \/>\nl\u2019exactement<br \/>\nsemblable ou sym\u00e9trique<br \/>\nil ou elle, ce qui s\u2019accolerait \u00e0 soi<br \/>\npour fermer l\u2019espace <\/p>\n<p>dans lequel une forme de petit cerveau blond<br \/>\net amer porte tout ce qu\u2019il faut pour un arbre<br \/>\ns\u2019il pourrit dans la terre <\/p>\n<p>si toi et l\u2019exactement sym\u00e9trique<br \/>\n\u2013 il ou elle<br \/>\nse d\u00e9collent et s\u2019ouvrent en fente<br \/>\nle germe pointe sa langue p\u00e2le <\/p>\n<p>racine et tige<br \/>\npuis feuilles et branches<br \/>\n\u00e9corce et bient\u00f4t pollen<br \/>\nfertilit\u00e9 de noix<br \/>\nfaite de deux exactement<br \/>\nsemblables ou plut\u00f4t sym\u00e9triques. <\/p>\n<p>entre les deux coques que nous sommes<br \/>\ndans l\u2019obscurit\u00e9<br \/>\nd\u2019un espace secret o\u00f9 fermente l\u2019or des pens\u00e9es<br \/>\nen deux h\u00e9misph\u00e8res reli\u00e9s. <\/p>\n<p>pens\u00e9es faites du temps qu\u2019il fait<br \/>\nen nous<br \/>\nentre nous et du temps qui passe.<\/p>\n<p>et le vent doit les visiter comme le froid et la chaleur<br \/>\ncomme l\u2019immobilit\u00e9 de l\u2019hiver saisi de presque mort. <\/p>\n<p>la coque des pens\u00e9es c\u2019est une maison meubl\u00e9e<br \/>\nde tout ce qui est n\u00e9cessaire<br \/>\ntoutes ces choses faites de nos mains, pour nous, pour contenir nos affaires<br \/>\navec le bois de l\u2019arbre qui na\u00eet de toute noix<br \/>\ntoute graine<br \/>\ntout fruit<br \/>\net durcit d\u2019hiver en hiver<br \/>\ngrandit l\u2019\u00e9t\u00e9, se nourrit par ses feuilles<br \/>\ncomme des mains pour tenir la lumi\u00e8re, ses racines comme de petits pieds tr\u00e8s fins<br \/>\npour boire le lait de la terre<br \/>\npieds-bouches fins, su\u00e7ant sans tr\u00eave<br \/>\nde plus en plus profond en son sein<br \/>\ncouverte des frondes riches des foug\u00e8res<br \/>\nbuvant de m\u00eame, vivantes et non-fausses. <\/p>\n<p>tout est ainsi \u00e0 sa place, comme les nombres comme les d\u00e9placements contr\u00f4l\u00e9s. je ralentis.<\/p>\n<p>mais tout n\u2019est pas comme ta maison<br \/>\net quelque chose vient s\u2019interposer dans l\u2019ordre des choses : un objet qui sort de toi<br \/>\nquelque chose d\u2019artificiel fait effraction dans la tranquillit\u00e9<br \/>\net coule l\u2019or d\u2019un liquide rouge,<br \/>\nquelque chose qui vient de toi, arbre, dont la substance est la tienne<br \/>\nque tu perds et je ne te reconna\u00eetrai plus bient\u00f4t. <\/p>\n<p>comment on ne peut arr\u00eater le flux<br \/>\nni le reflux l\u00e0 dans le sable<br \/>\npieds nus on ne peut que voir<br \/>\nsous la lune aimant\u00e9e cach\u00e9e<br \/>\nla Grande Mar\u00e9e et son cheval vivant.<br \/>\non est perdu dans les quatre directions, sans plus marcher.<br \/>\non a des oreilles pour entendre et des yeux<br \/>\npour voir le cheval invisible<br \/>\nla mar\u00e9e du d\u00e9sir qui parle<br \/>\n\u00e0 voix basse, attendant de tout submerger sauf la digue,<br \/>\net qui vient nous confirmer <\/p>\n<p>dans ce chemin qu\u2019on n\u2019a pas marqu\u00e9 de petits cailloux<br \/>\nqui m\u00e8ne \u00e0 ta maison o\u00f9 est le repos<br \/>\no\u00f9 la pens\u00e9e attend<br \/>\nce qui ne fut pas repr\u00e9sent\u00e9 : \u00e9l\u00e9ments sensations chaos. <\/p>\n<p>la maison qu\u2019on a construite en pensant aux visiteurs.<br \/>\net je ralentis, je sors du train, je reconnais<br \/>\nje renonce \u00e0 ce que je disais <\/p>\n<p>sur le seuil posant<br \/>\nappuyant contre les murs<br \/>\nles armes que je retournais<br \/>\ncontre moi.<\/p>\n<p>(variation sur \u00ab autres balises \u00bb de d i v)<\/p>\n","protected":false},"excerpt":{"rendered":"<p>on est comme des choses mais on n\u2019est pas entier on n\u2019est que la moiti\u00e9 d\u2019une chose dure dont existe l\u2019exactement semblable ou sym\u00e9trique il ou elle, ce qui s\u2019accolerait \u00e0 soi pour fermer l\u2019espace dans lequel une forme de (&hellip;)<\/p>\n<p><a href=\"https:\/\/www.angle-vivant.net\/claireceira\/je-ralentis-je-reconnais-et-je-renonce-a-ce-que-je-dis\/\">Read the rest of this entry &raquo;<\/a><\/p>\n","protected":false},"author":1,"featured_media":0,"comment_status":"open","ping_status":"open","sticky":false,"template":"","format":"standard","meta":{"footnotes":""},"categories":[10],"tags":[],"class_list":["post-25","post","type-post","status-publish","format-standard","hentry","category-duo"],"_links":{"self":[{"href":"https:\/\/www.angle-vivant.net\/claireceira\/wp-json\/wp\/v2\/posts\/25","targetHints":{"allow":["GET"]}}],"collection":[{"href":"https:\/\/www.angle-vivant.net\/claireceira\/wp-json\/wp\/v2\/posts"}],"about":[{"href":"https:\/\/www.angle-vivant.net\/claireceira\/wp-json\/wp\/v2\/types\/post"}],"author":[{"embeddable":true,"href":"https:\/\/www.angle-vivant.net\/claireceira\/wp-json\/wp\/v2\/users\/1"}],"replies":[{"embeddable":true,"href":"https:\/\/www.angle-vivant.net\/claireceira\/wp-json\/wp\/v2\/comments?post=25"}],"version-history":[{"count":3,"href":"https:\/\/www.angle-vivant.net\/claireceira\/wp-json\/wp\/v2\/posts\/25\/revisions"}],"predecessor-version":[{"id":2713,"href":"https:\/\/www.angle-vivant.net\/claireceira\/wp-json\/wp\/v2\/posts\/25\/revisions\/2713"}],"wp:attachment":[{"href":"https:\/\/www.angle-vivant.net\/claireceira\/wp-json\/wp\/v2\/media?parent=25"}],"wp:term":[{"taxonomy":"category","embeddable":true,"href":"https:\/\/www.angle-vivant.net\/claireceira\/wp-json\/wp\/v2\/categories?post=25"},{"taxonomy":"post_tag","embeddable":true,"href":"https:\/\/www.angle-vivant.net\/claireceira\/wp-json\/wp\/v2\/tags?post=25"}],"curies":[{"name":"wp","href":"https:\/\/api.w.org\/{rel}","templated":true}]}}