{"id":2382,"date":"2016-11-15T08:27:44","date_gmt":"2016-11-15T08:27:44","guid":{"rendered":"https:\/\/www.angle-vivant.net\/claireceira\/?p=2382"},"modified":"2017-05-15T16:33:24","modified_gmt":"2017-05-15T16:33:24","slug":"nouvelles-breves-2","status":"publish","type":"post","link":"https:\/\/www.angle-vivant.net\/claireceira\/nouvelles-breves-2\/","title":{"rendered":"focale (2)"},"content":{"rendered":"<p>Le vendeur de pommes a un mouchoir blanc nou\u00e9 autour du cou, c&rsquo;est un pauvre homme. Il attend tout le jour \u00e0 c\u00f4t\u00e9 de son panier, les l\u00e9gumes sont de l&rsquo;autre c\u00f4t\u00e9. Il a plusieurs esp\u00e8ces d&rsquo;arbres dans son verger, m&rsquo;a-t-il expliqu\u00e9, qui produisent de juillet \u00e0 novembre&#8230;apr\u00e8s il y a les pommes de garde qu&rsquo;on met au cellier, qui lentement se chargent en sucre, jusqu&rsquo;en janvier.<br \/>\nCe matin je suis pass\u00e9e et j&rsquo;ai voulu parler encore avec lui, mais il \u00e9tait \u00e9trange. Il semblait avoir peur de quelque chose, le regard fuyant, les yeux hant\u00e9s. Il m&rsquo;a dit qu&rsquo;il avait eu \u00ab\u00a0une crise\u00a0\u00bb, hier soir. Il avait vu un homme qui autrefois lui avait fait du mal, dont il r\u00eavait parfois. Cet homme \u00e9tait l\u00e0, dans la boutique, pour de vrai, \u00e0 le regarder sans rien dire, puis il \u00e9tait parti.<br \/>\nJe suis revenue ce soir en rentrant du travail. Il s&rsquo;\u00e9tait endormi contre son panier. Juste \u00e0 c\u00f4t\u00e9 de lui, sur le mur, un petit gar\u00e7on dessinait \u00e0 la craie un personnage, un homme avec un chapeau, aux yeux \u00e9carquill\u00e9s, braqu\u00e9s.<br \/>\nJe le connais cet enfant, il tra\u00eene tout le temps, avec son visage maigre et son regard trop profond, cern\u00e9.<\/p>\n","protected":false},"excerpt":{"rendered":"<p>Le vendeur de pommes a un mouchoir blanc nou\u00e9 autour du cou, c&rsquo;est un pauvre homme. Il attend tout le jour \u00e0 c\u00f4t\u00e9 de son panier, les l\u00e9gumes sont de l&rsquo;autre c\u00f4t\u00e9. Il a plusieurs esp\u00e8ces d&rsquo;arbres dans son verger, (&hellip;)<\/p>\n<p><a href=\"https:\/\/www.angle-vivant.net\/claireceira\/nouvelles-breves-2\/\">Read the rest of this entry &raquo;<\/a><\/p>\n","protected":false},"author":1,"featured_media":0,"comment_status":"open","ping_status":"closed","sticky":false,"template":"","format":"standard","meta":{"footnotes":""},"categories":[1],"tags":[],"class_list":["post-2382","post","type-post","status-publish","format-standard","hentry","category-non-classe"],"_links":{"self":[{"href":"https:\/\/www.angle-vivant.net\/claireceira\/wp-json\/wp\/v2\/posts\/2382","targetHints":{"allow":["GET"]}}],"collection":[{"href":"https:\/\/www.angle-vivant.net\/claireceira\/wp-json\/wp\/v2\/posts"}],"about":[{"href":"https:\/\/www.angle-vivant.net\/claireceira\/wp-json\/wp\/v2\/types\/post"}],"author":[{"embeddable":true,"href":"https:\/\/www.angle-vivant.net\/claireceira\/wp-json\/wp\/v2\/users\/1"}],"replies":[{"embeddable":true,"href":"https:\/\/www.angle-vivant.net\/claireceira\/wp-json\/wp\/v2\/comments?post=2382"}],"version-history":[{"count":10,"href":"https:\/\/www.angle-vivant.net\/claireceira\/wp-json\/wp\/v2\/posts\/2382\/revisions"}],"predecessor-version":[{"id":2912,"href":"https:\/\/www.angle-vivant.net\/claireceira\/wp-json\/wp\/v2\/posts\/2382\/revisions\/2912"}],"wp:attachment":[{"href":"https:\/\/www.angle-vivant.net\/claireceira\/wp-json\/wp\/v2\/media?parent=2382"}],"wp:term":[{"taxonomy":"category","embeddable":true,"href":"https:\/\/www.angle-vivant.net\/claireceira\/wp-json\/wp\/v2\/categories?post=2382"},{"taxonomy":"post_tag","embeddable":true,"href":"https:\/\/www.angle-vivant.net\/claireceira\/wp-json\/wp\/v2\/tags?post=2382"}],"curies":[{"name":"wp","href":"https:\/\/api.w.org\/{rel}","templated":true}]}}