{"id":2290,"date":"2016-09-18T20:27:19","date_gmt":"2016-09-18T20:27:19","guid":{"rendered":"https:\/\/www.angle-vivant.net\/claireceira\/?p=2290"},"modified":"2017-09-12T15:59:48","modified_gmt":"2017-09-12T15:59:48","slug":"orages","status":"publish","type":"post","link":"https:\/\/www.angle-vivant.net\/claireceira\/orages\/","title":{"rendered":"orages"},"content":{"rendered":"<p>&#8230;tout \u00e0 l&rsquo;heure, par la fen\u00eatre ouverte de mon bureau qui est au rez-de-chauss\u00e9e, dans l&rsquo;apr\u00e8s-midi orageuse, je voyais un pan de ciel bas, charg\u00e9 et &#8211; de dos &#8211; une fillette au tee-shirt fuschia esquissait une chor\u00e9graphie h\u00e9sitante. Sa longue queue de cheval noire, ses gestes graciles sans affectation, elle semblait chercher. J&rsquo;ai admir\u00e9 un instant son dos brun, je me suis lev\u00e9e, j&rsquo;ai vu alors les deux femmes \u00e2g\u00e9es assises sur le muret qui la regardaient. Quelques gouttes tombaient en traversant les feuilles s\u00e8ches des platanes, auxquelles ni les enfants ni les adultes ne pr\u00eataient attention. La chaleur qui mettait tout le monde en sueur est tomb\u00e9e d&rsquo;un coup, emport\u00e9e par un grand vent frais qui se levait.<\/p>\n<p>Et ce soir je regarde dans la nuit l&rsquo;isthme de Sablettes, au loin. Le pluie tombe avec douceur sur le jardin, le ciel nocturne est ouat\u00e9 de brun, frang\u00e9, travers\u00e9 d&rsquo;\u00e9clairs vagues, presque sans tonnerre. Les odeurs sont incroyables, il n&rsquo;a pas plu depuis des mois.<br \/>\nEt puis soudain c&rsquo;est une trombe, je dois reculer. L&rsquo;eau fait comme une brume dans l&rsquo;olivier le plus proche, dans laquelle \u00e9tincellent, \u00e0 la lumi\u00e8re orang\u00e9e de la rue, les feuilles immobiles, diamants et larmes.<\/p>\n","protected":false},"excerpt":{"rendered":"<p>&#8230;tout \u00e0 l&rsquo;heure, par la fen\u00eatre ouverte de mon bureau qui est au rez-de-chauss\u00e9e, dans l&rsquo;apr\u00e8s-midi orageuse, je voyais un pan de ciel bas, charg\u00e9 et &#8211; de dos &#8211; une fillette au tee-shirt fuschia esquissait une chor\u00e9graphie h\u00e9sitante. Sa (&hellip;)<\/p>\n<p><a href=\"https:\/\/www.angle-vivant.net\/claireceira\/orages\/\">Read the rest of this entry &raquo;<\/a><\/p>\n","protected":false},"author":1,"featured_media":0,"comment_status":"open","ping_status":"closed","sticky":false,"template":"","format":"standard","meta":{"footnotes":""},"categories":[1],"tags":[],"class_list":["post-2290","post","type-post","status-publish","format-standard","hentry","category-non-classe"],"_links":{"self":[{"href":"https:\/\/www.angle-vivant.net\/claireceira\/wp-json\/wp\/v2\/posts\/2290","targetHints":{"allow":["GET"]}}],"collection":[{"href":"https:\/\/www.angle-vivant.net\/claireceira\/wp-json\/wp\/v2\/posts"}],"about":[{"href":"https:\/\/www.angle-vivant.net\/claireceira\/wp-json\/wp\/v2\/types\/post"}],"author":[{"embeddable":true,"href":"https:\/\/www.angle-vivant.net\/claireceira\/wp-json\/wp\/v2\/users\/1"}],"replies":[{"embeddable":true,"href":"https:\/\/www.angle-vivant.net\/claireceira\/wp-json\/wp\/v2\/comments?post=2290"}],"version-history":[{"count":2,"href":"https:\/\/www.angle-vivant.net\/claireceira\/wp-json\/wp\/v2\/posts\/2290\/revisions"}],"predecessor-version":[{"id":2960,"href":"https:\/\/www.angle-vivant.net\/claireceira\/wp-json\/wp\/v2\/posts\/2290\/revisions\/2960"}],"wp:attachment":[{"href":"https:\/\/www.angle-vivant.net\/claireceira\/wp-json\/wp\/v2\/media?parent=2290"}],"wp:term":[{"taxonomy":"category","embeddable":true,"href":"https:\/\/www.angle-vivant.net\/claireceira\/wp-json\/wp\/v2\/categories?post=2290"},{"taxonomy":"post_tag","embeddable":true,"href":"https:\/\/www.angle-vivant.net\/claireceira\/wp-json\/wp\/v2\/tags?post=2290"}],"curies":[{"name":"wp","href":"https:\/\/api.w.org\/{rel}","templated":true}]}}