{"id":2261,"date":"2016-09-16T16:17:23","date_gmt":"2016-09-16T16:17:23","guid":{"rendered":"https:\/\/www.angle-vivant.net\/claireceira\/?p=2261"},"modified":"2016-10-18T15:25:56","modified_gmt":"2016-10-18T15:25:56","slug":"matrice-r","status":"publish","type":"post","link":"https:\/\/www.angle-vivant.net\/claireceira\/matrice-r\/","title":{"rendered":"matrice (r)"},"content":{"rendered":"<p>qu&rsquo;est-ce qui me trouble tant<br \/>\nquand tu dis \u00ab\u00a0je\u00a0\u00bb ?<\/p>\n<p>l&rsquo;endroit o\u00f9 plonge Moby Dick,<br \/>\nsous la lourde lune pench\u00e9e, le ciel couleur de prune<br \/>\nfait un pli, une paupi\u00e8re.<br \/>\nMoby dit \u00ab\u00a0je\u00a0\u00bb &#8211; et plonge.<\/p>\n<p>l&rsquo;instant d&rsquo;apr\u00e8s la mer est lisse, on ne peut qu&rsquo;imaginer<br \/>\nson corps marbr\u00e9 dans l&rsquo;\u00e9paisseur de l&rsquo;eau<br \/>\nla plong\u00e9e oblique.<br \/>\nson corps o\u00f9 va-t-il,<br \/>\nquand tu dis \u00ab\u00a0je\u00a0\u00bb ? <\/p>\n<p>les mers sont toutes \u00e9trang\u00e8res.<br \/>\napr\u00e8s quelques jours on ne sait plus rien du pays quitt\u00e9<br \/>\ndans le froid de l&rsquo;eau le choc de l&rsquo;\u00e9trave<br \/>\nsourd &#8211; cogne chaque vague.<\/p>\n<p>Tu dis \u00ab\u00a0je\u00a0\u00bb,<br \/>\nta blancheur plonge dans le noir.<\/p>\n","protected":false},"excerpt":{"rendered":"<p>qu&rsquo;est-ce qui me trouble tant quand tu dis \u00ab\u00a0je\u00a0\u00bb ? l&rsquo;endroit o\u00f9 plonge Moby Dick, sous la lourde lune pench\u00e9e, le ciel couleur de prune fait un pli, une paupi\u00e8re. Moby dit \u00ab\u00a0je\u00a0\u00bb &#8211; et plonge. l&rsquo;instant d&rsquo;apr\u00e8s la mer (&hellip;)<\/p>\n<p><a href=\"https:\/\/www.angle-vivant.net\/claireceira\/matrice-r\/\">Read the rest of this entry &raquo;<\/a><\/p>\n","protected":false},"author":1,"featured_media":0,"comment_status":"open","ping_status":"closed","sticky":false,"template":"","format":"standard","meta":{"footnotes":""},"categories":[22],"tags":[],"class_list":["post-2261","post","type-post","status-publish","format-standard","hentry","category-la-voie-associative"],"_links":{"self":[{"href":"https:\/\/www.angle-vivant.net\/claireceira\/wp-json\/wp\/v2\/posts\/2261","targetHints":{"allow":["GET"]}}],"collection":[{"href":"https:\/\/www.angle-vivant.net\/claireceira\/wp-json\/wp\/v2\/posts"}],"about":[{"href":"https:\/\/www.angle-vivant.net\/claireceira\/wp-json\/wp\/v2\/types\/post"}],"author":[{"embeddable":true,"href":"https:\/\/www.angle-vivant.net\/claireceira\/wp-json\/wp\/v2\/users\/1"}],"replies":[{"embeddable":true,"href":"https:\/\/www.angle-vivant.net\/claireceira\/wp-json\/wp\/v2\/comments?post=2261"}],"version-history":[{"count":5,"href":"https:\/\/www.angle-vivant.net\/claireceira\/wp-json\/wp\/v2\/posts\/2261\/revisions"}],"predecessor-version":[{"id":2351,"href":"https:\/\/www.angle-vivant.net\/claireceira\/wp-json\/wp\/v2\/posts\/2261\/revisions\/2351"}],"wp:attachment":[{"href":"https:\/\/www.angle-vivant.net\/claireceira\/wp-json\/wp\/v2\/media?parent=2261"}],"wp:term":[{"taxonomy":"category","embeddable":true,"href":"https:\/\/www.angle-vivant.net\/claireceira\/wp-json\/wp\/v2\/categories?post=2261"},{"taxonomy":"post_tag","embeddable":true,"href":"https:\/\/www.angle-vivant.net\/claireceira\/wp-json\/wp\/v2\/tags?post=2261"}],"curies":[{"name":"wp","href":"https:\/\/api.w.org\/{rel}","templated":true}]}}