{"id":225,"date":"2012-05-29T15:40:35","date_gmt":"2012-05-29T15:40:35","guid":{"rendered":"https:\/\/www.angle-vivant.net\/claireceira\/?p=225"},"modified":"2016-12-13T14:51:50","modified_gmt":"2016-12-13T14:51:50","slug":"cest-une-piece-5","status":"publish","type":"post","link":"https:\/\/www.angle-vivant.net\/claireceira\/cest-une-piece-5\/","title":{"rendered":"C&rsquo;est une pi\u00e8ce (5)"},"content":{"rendered":"<p>&#8230;..elle est enti\u00e8rement vide, baign\u00e9e de soleil qui dessine sur le plancher (ou le lino ?) le feston de l&rsquo;ombre d&rsquo;un toit. Il y a les murs blancs, les plinthes, le radiateur sous la fen\u00eatre, un store avec une ficelle. Rien d&rsquo;autre. La pr\u00e9sence du soleil venu de dehors est la seule chose qui parle de mouvement, de changement, de temps. La pi\u00e8ce a \u00e9t\u00e9 vid\u00e9e de tout ce qu&rsquo;y avaient mis ses habitants. Elle est entre-deux.<br \/>\nPeut-\u00eatre c&rsquo;est le jour de l&rsquo;\u00e9tat des lieux, ce dernier jour o\u00f9 on revient avec le propri\u00e9taire, voir s&rsquo;il n&rsquo;y a pas de marque sur les murs, si rien n&rsquo;a \u00e9t\u00e9 ab\u00eem\u00e9e ou d\u00e9truit. C&rsquo;est un petit moment de tension, on est entre gens polis, mais quand m\u00eame, a-t-on d\u00e9grad\u00e9 ce bien qui nous \u00e9tait laiss\u00e9 en jouissance, cette enveloppe qui nous prot\u00e9geait et qui nous avait \u00e9t\u00e9 seulement pr\u00eat\u00e9e ? L&rsquo;argent est l\u00e0, au milieu, et l&rsquo;\u00e9ventuelle dissimulation d&rsquo;une n\u00e9gligence, la suspicion.<br \/>\nTout cela emp\u00eache que ce dernier moment soit ce qu&rsquo;il devrait \u00eatre : un moment d&rsquo;adieu \u00e0 ce qui fut, l\u00e0, v\u00e9cu. La nudit\u00e9 de la pi\u00e8ce, d\u00e9j\u00e0 offerte \u00e0 d&rsquo;autres qui vont venir, vous tient \u00e0 distance. Elle n&rsquo;appartient qu&rsquo;\u00e0 elle, finalement : \u00e0 ce volume d&rsquo;air, \u00e0 cette ti\u00e9deur de soleil, \u00e0 cette beaut\u00e9 nue et banale, \u00e0 tout son pass\u00e9.<\/p>\n<p><em>Cette nuit j&rsquo;ai r\u00eav\u00e9 que j&rsquo;\u00e9tais morte. C&rsquo;\u00e9tait arriv\u00e9 dans une grande explosion de chaleur, de lumi\u00e8re, de violence. J&rsquo;avais ce souvenir du dernier instant. Ma petite fille \u00e9tait morte aussi avec moi. J&rsquo;\u00e9tais l\u00e0, sans \u00eatre l\u00e0, avan\u00e7ant au milieu des vivants, mes proches. Je promenais leur tristesse et la mienne dans la vie qui m&rsquo;avait \u00e9t\u00e9 \u00f4t\u00e9e. J&rsquo;avais surtout le chagrin de cette petite fille disparue, que je cherchais peut-\u00eatre, qui n&rsquo;\u00e9tait plus l\u00e0, et qui n&rsquo;avait presque rien v\u00e9cu.<\/em><\/p>\n","protected":false},"excerpt":{"rendered":"<p>&#8230;..elle est enti\u00e8rement vide, baign\u00e9e de soleil qui dessine sur le plancher (ou le lino ?) le feston de l&rsquo;ombre d&rsquo;un toit. Il y a les murs blancs, les plinthes, le radiateur sous la fen\u00eatre, un store avec une ficelle. (&hellip;)<\/p>\n<p><a href=\"https:\/\/www.angle-vivant.net\/claireceira\/cest-une-piece-5\/\">Read the rest of this entry &raquo;<\/a><\/p>\n","protected":false},"author":1,"featured_media":0,"comment_status":"open","ping_status":"open","sticky":false,"template":"","format":"standard","meta":{"footnotes":""},"categories":[3],"tags":[],"class_list":["post-225","post","type-post","status-publish","format-standard","hentry","category-cestunepiece"],"_links":{"self":[{"href":"https:\/\/www.angle-vivant.net\/claireceira\/wp-json\/wp\/v2\/posts\/225","targetHints":{"allow":["GET"]}}],"collection":[{"href":"https:\/\/www.angle-vivant.net\/claireceira\/wp-json\/wp\/v2\/posts"}],"about":[{"href":"https:\/\/www.angle-vivant.net\/claireceira\/wp-json\/wp\/v2\/types\/post"}],"author":[{"embeddable":true,"href":"https:\/\/www.angle-vivant.net\/claireceira\/wp-json\/wp\/v2\/users\/1"}],"replies":[{"embeddable":true,"href":"https:\/\/www.angle-vivant.net\/claireceira\/wp-json\/wp\/v2\/comments?post=225"}],"version-history":[{"count":6,"href":"https:\/\/www.angle-vivant.net\/claireceira\/wp-json\/wp\/v2\/posts\/225\/revisions"}],"predecessor-version":[{"id":2579,"href":"https:\/\/www.angle-vivant.net\/claireceira\/wp-json\/wp\/v2\/posts\/225\/revisions\/2579"}],"wp:attachment":[{"href":"https:\/\/www.angle-vivant.net\/claireceira\/wp-json\/wp\/v2\/media?parent=225"}],"wp:term":[{"taxonomy":"category","embeddable":true,"href":"https:\/\/www.angle-vivant.net\/claireceira\/wp-json\/wp\/v2\/categories?post=225"},{"taxonomy":"post_tag","embeddable":true,"href":"https:\/\/www.angle-vivant.net\/claireceira\/wp-json\/wp\/v2\/tags?post=225"}],"curies":[{"name":"wp","href":"https:\/\/api.w.org\/{rel}","templated":true}]}}