{"id":2122,"date":"2016-07-18T10:20:43","date_gmt":"2016-07-18T10:20:43","guid":{"rendered":"https:\/\/www.angle-vivant.net\/claireceira\/?p=2122"},"modified":"2018-01-10T21:13:30","modified_gmt":"2018-01-10T21:13:30","slug":"sol-y-sombra","status":"publish","type":"post","link":"https:\/\/www.angle-vivant.net\/claireceira\/sol-y-sombra\/","title":{"rendered":"sol y sombra"},"content":{"rendered":"<p><img decoding=\"async\" src=\"http:\/\/lh3.googleusercontent.com\/-Tc6BmuPPzuU\/V4yxwCYxCQI\/AAAAAAAAANo\/MIXbjsEojywE7PzbPMKmC9qOUZyOnS9sQCLcB\/h120\/fen%25C3%25AAtre%2Bnantes.JPG\" alt=\"\" \/><\/p>\n<p>De l\u2019autre c\u00f4t\u00e9 du lac<br \/>\nle soir s\u2019avance<br \/>\nles vaguelettes l\u00e0-bas sont plus douces<\/p>\n<p>les p\u00e9dalos ne bougent plus.<br \/>\nIci, o\u00f9 nous sommes bien vivants,<br \/>\nchaque caillou s\u2019appuie sur son ombre<br \/>\ncomme une petite foule arr\u00eat\u00e9e<br \/>\nen croissant sur le bord de l&rsquo;eau<br \/>\nbrillant d&rsquo;un vernis humide.<\/p>\n<p>J\u2019ai tourn\u00e9 ma chaise de c\u00f4t\u00e9<br \/>\nle soleil finit de dorer la page<br \/>\nde ce livre o\u00f9 je lis quelque chose qui me r\u00e9jouit.<\/p>\n<p>Des nouvelles venues de l\u2019autre c\u00f4t\u00e9,<br \/>\nil n\u2019y en a plus<br \/>\net c\u2019est normal puisque l\u2019ombre<br \/>\ny a tout chang\u00e9 en presque nuit.<\/p>\n<p>Bient\u00f4t je vais fermer le livre et rejoindre la maison<br \/>\navec ses murs et ses portes,<br \/>\nla d\u00e9licate pellicule des vitres<br \/>\no\u00f9 le couchant peint un tableau \u00e9clatant.<br \/>\nLa maison est encore au soleil,<br \/>\ndans la nuit elle allumera d\u2019autres lumi\u00e8res.<\/p>\n<p>Mais pr\u00e8s d&rsquo;elle<br \/>\nce lac<br \/>\npartag\u00e9 d\u2019obscurit\u00e9. <\/p>\n","protected":false},"excerpt":{"rendered":"<p>De l\u2019autre c\u00f4t\u00e9 du lac le soir s\u2019avance les vaguelettes l\u00e0-bas sont plus douces les p\u00e9dalos ne bougent plus. Ici, o\u00f9 nous sommes bien vivants, chaque caillou s\u2019appuie sur son ombre comme une petite foule arr\u00eat\u00e9e en croissant sur le (&hellip;)<\/p>\n<p><a href=\"https:\/\/www.angle-vivant.net\/claireceira\/sol-y-sombra\/\">Read the rest of this entry &raquo;<\/a><\/p>\n","protected":false},"author":1,"featured_media":0,"comment_status":"open","ping_status":"closed","sticky":false,"template":"","format":"standard","meta":{"footnotes":""},"categories":[19],"tags":[],"class_list":["post-2122","post","type-post","status-publish","format-standard","hentry","category-maison"],"_links":{"self":[{"href":"https:\/\/www.angle-vivant.net\/claireceira\/wp-json\/wp\/v2\/posts\/2122","targetHints":{"allow":["GET"]}}],"collection":[{"href":"https:\/\/www.angle-vivant.net\/claireceira\/wp-json\/wp\/v2\/posts"}],"about":[{"href":"https:\/\/www.angle-vivant.net\/claireceira\/wp-json\/wp\/v2\/types\/post"}],"author":[{"embeddable":true,"href":"https:\/\/www.angle-vivant.net\/claireceira\/wp-json\/wp\/v2\/users\/1"}],"replies":[{"embeddable":true,"href":"https:\/\/www.angle-vivant.net\/claireceira\/wp-json\/wp\/v2\/comments?post=2122"}],"version-history":[{"count":25,"href":"https:\/\/www.angle-vivant.net\/claireceira\/wp-json\/wp\/v2\/posts\/2122\/revisions"}],"predecessor-version":[{"id":3011,"href":"https:\/\/www.angle-vivant.net\/claireceira\/wp-json\/wp\/v2\/posts\/2122\/revisions\/3011"}],"wp:attachment":[{"href":"https:\/\/www.angle-vivant.net\/claireceira\/wp-json\/wp\/v2\/media?parent=2122"}],"wp:term":[{"taxonomy":"category","embeddable":true,"href":"https:\/\/www.angle-vivant.net\/claireceira\/wp-json\/wp\/v2\/categories?post=2122"},{"taxonomy":"post_tag","embeddable":true,"href":"https:\/\/www.angle-vivant.net\/claireceira\/wp-json\/wp\/v2\/tags?post=2122"}],"curies":[{"name":"wp","href":"https:\/\/api.w.org\/{rel}","templated":true}]}}