{"id":2103,"date":"2016-06-27T12:56:47","date_gmt":"2016-06-27T12:56:47","guid":{"rendered":"https:\/\/www.angle-vivant.net\/claireceira\/?p=2103"},"modified":"2017-02-07T10:10:06","modified_gmt":"2017-02-07T10:10:06","slug":"maison-folle","status":"publish","type":"post","link":"https:\/\/www.angle-vivant.net\/claireceira\/maison-folle\/","title":{"rendered":"maison folle"},"content":{"rendered":"<p>cela<br \/>\nvous fait entrer dans la folie du monde<br \/>\npencher la t\u00eate du m\u00eame c\u00f4t\u00e9 que l&rsquo;arbre<br \/>\net sentir le vent du d\u00e9sert qui ruine les canaux des feuilles.<br \/>\nc&rsquo;est se sentir suspendu<br \/>\nsans sol ni jambes<br \/>\ntentant de s&rsquo;allonger de tout son long sur ce courant qu&rsquo;on ne comprend plus.<br \/>\nle cadenas de la petite clef famili\u00e8re on l&rsquo;a perdu depuis longtemps<br \/>\nle vent ne s&rsquo;ouvre plus \u00e0 cette porte-l\u00e0.<br \/>\nil souffle seulement \u00e0 l&rsquo;int\u00e9rieur<br \/>\nil tourne et tourne dans la maison imperm\u00e9able<br \/>\narrache les tableaux des murs et ouvre le lit,<br \/>\nne fera pas le tour de la terre. <\/p>\n<p>elle<br \/>\ncoinc\u00e9e dans la chemin\u00e9e,<br \/>\nen haut du toit brandit la clef d&rsquo;un coffret d\u00e9risoire,<br \/>\nnoire de suie. <\/p>\n","protected":false},"excerpt":{"rendered":"<p>cela vous fait entrer dans la folie du monde pencher la t\u00eate du m\u00eame c\u00f4t\u00e9 que l&rsquo;arbre et sentir le vent du d\u00e9sert qui ruine les canaux des feuilles. c&rsquo;est se sentir suspendu sans sol ni jambes tentant de s&rsquo;allonger (&hellip;)<\/p>\n<p><a href=\"https:\/\/www.angle-vivant.net\/claireceira\/maison-folle\/\">Read the rest of this entry &raquo;<\/a><\/p>\n","protected":false},"author":1,"featured_media":0,"comment_status":"open","ping_status":"closed","sticky":false,"template":"","format":"standard","meta":{"footnotes":""},"categories":[19],"tags":[],"class_list":["post-2103","post","type-post","status-publish","format-standard","hentry","category-maison"],"_links":{"self":[{"href":"https:\/\/www.angle-vivant.net\/claireceira\/wp-json\/wp\/v2\/posts\/2103","targetHints":{"allow":["GET"]}}],"collection":[{"href":"https:\/\/www.angle-vivant.net\/claireceira\/wp-json\/wp\/v2\/posts"}],"about":[{"href":"https:\/\/www.angle-vivant.net\/claireceira\/wp-json\/wp\/v2\/types\/post"}],"author":[{"embeddable":true,"href":"https:\/\/www.angle-vivant.net\/claireceira\/wp-json\/wp\/v2\/users\/1"}],"replies":[{"embeddable":true,"href":"https:\/\/www.angle-vivant.net\/claireceira\/wp-json\/wp\/v2\/comments?post=2103"}],"version-history":[{"count":4,"href":"https:\/\/www.angle-vivant.net\/claireceira\/wp-json\/wp\/v2\/posts\/2103\/revisions"}],"predecessor-version":[{"id":2772,"href":"https:\/\/www.angle-vivant.net\/claireceira\/wp-json\/wp\/v2\/posts\/2103\/revisions\/2772"}],"wp:attachment":[{"href":"https:\/\/www.angle-vivant.net\/claireceira\/wp-json\/wp\/v2\/media?parent=2103"}],"wp:term":[{"taxonomy":"category","embeddable":true,"href":"https:\/\/www.angle-vivant.net\/claireceira\/wp-json\/wp\/v2\/categories?post=2103"},{"taxonomy":"post_tag","embeddable":true,"href":"https:\/\/www.angle-vivant.net\/claireceira\/wp-json\/wp\/v2\/tags?post=2103"}],"curies":[{"name":"wp","href":"https:\/\/api.w.org\/{rel}","templated":true}]}}