{"id":2001,"date":"2016-03-08T17:12:13","date_gmt":"2016-03-08T17:12:13","guid":{"rendered":"https:\/\/www.angle-vivant.net\/claireceira\/?p=2001"},"modified":"2016-09-16T11:40:40","modified_gmt":"2016-09-16T11:40:40","slug":"octobre","status":"publish","type":"post","link":"https:\/\/www.angle-vivant.net\/claireceira\/octobre\/","title":{"rendered":"octobre (r)"},"content":{"rendered":"<p>parfois je pense que je n&rsquo;avais pas le droit<br \/>\nparfois je me dis que tout s&rsquo;est d\u00e9roul\u00e9 \u00e0 l&rsquo;int\u00e9rieur<br \/>\net que la pluie les larmes \u00e9taient pour les autres.<br \/>\nleurs jouets de plastique de papier de bois et de verre<br \/>\nleurs bijoux leurs touchers leur col\u00e8re pareille<br \/>\nleurs possessions et m\u00eame leur d\u00e9sespoir<br \/>\nj&rsquo;ai eu en abondance le droit de les regarder de les voir.<br \/>\nj\u2019ai men\u00e9 la petite barque dans le fleuve limoneux.<\/p>\n<p>ces id\u00e9es d&rsquo;automne<br \/>\nje les chasse<\/p>\n<p>il y a des \u00e9videments<br \/>\nla v\u00e9rit\u00e9 creuse des galeries dans les rives. <\/p>\n<p>quand \u00e7a tombera je grandirai soudain<br \/>\ncomme une tour encore tr\u00e8s loin<br \/>\nau dessus des quartiers des canaux des jardins ouvriers<br \/>\nplus haut que les immeubles<br \/>\net les oiseaux me toucheront<br \/>\ndans l\u2019isolement d&rsquo;air libre<br \/>\nnu\u00e9es blanches et grises, bleu. <\/p>\n","protected":false},"excerpt":{"rendered":"<p>parfois je pense que je n&rsquo;avais pas le droit parfois je me dis que tout s&rsquo;est d\u00e9roul\u00e9 \u00e0 l&rsquo;int\u00e9rieur et que la pluie les larmes \u00e9taient pour les autres. leurs jouets de plastique de papier de bois et de verre (&hellip;)<\/p>\n<p><a href=\"https:\/\/www.angle-vivant.net\/claireceira\/octobre\/\">Read the rest of this entry &raquo;<\/a><\/p>\n","protected":false},"author":1,"featured_media":0,"comment_status":"open","ping_status":"closed","sticky":false,"template":"","format":"standard","meta":{"footnotes":""},"categories":[22],"tags":[],"class_list":["post-2001","post","type-post","status-publish","format-standard","hentry","category-la-voie-associative"],"_links":{"self":[{"href":"https:\/\/www.angle-vivant.net\/claireceira\/wp-json\/wp\/v2\/posts\/2001","targetHints":{"allow":["GET"]}}],"collection":[{"href":"https:\/\/www.angle-vivant.net\/claireceira\/wp-json\/wp\/v2\/posts"}],"about":[{"href":"https:\/\/www.angle-vivant.net\/claireceira\/wp-json\/wp\/v2\/types\/post"}],"author":[{"embeddable":true,"href":"https:\/\/www.angle-vivant.net\/claireceira\/wp-json\/wp\/v2\/users\/1"}],"replies":[{"embeddable":true,"href":"https:\/\/www.angle-vivant.net\/claireceira\/wp-json\/wp\/v2\/comments?post=2001"}],"version-history":[{"count":8,"href":"https:\/\/www.angle-vivant.net\/claireceira\/wp-json\/wp\/v2\/posts\/2001\/revisions"}],"predecessor-version":[{"id":2038,"href":"https:\/\/www.angle-vivant.net\/claireceira\/wp-json\/wp\/v2\/posts\/2001\/revisions\/2038"}],"wp:attachment":[{"href":"https:\/\/www.angle-vivant.net\/claireceira\/wp-json\/wp\/v2\/media?parent=2001"}],"wp:term":[{"taxonomy":"category","embeddable":true,"href":"https:\/\/www.angle-vivant.net\/claireceira\/wp-json\/wp\/v2\/categories?post=2001"},{"taxonomy":"post_tag","embeddable":true,"href":"https:\/\/www.angle-vivant.net\/claireceira\/wp-json\/wp\/v2\/tags?post=2001"}],"curies":[{"name":"wp","href":"https:\/\/api.w.org\/{rel}","templated":true}]}}