{"id":1999,"date":"2016-03-08T16:47:55","date_gmt":"2016-03-08T16:47:55","guid":{"rendered":"https:\/\/www.angle-vivant.net\/claireceira\/?p=1999"},"modified":"2016-12-03T13:26:17","modified_gmt":"2016-12-03T13:26:17","slug":"lepreuve","status":"publish","type":"post","link":"https:\/\/www.angle-vivant.net\/claireceira\/lepreuve\/","title":{"rendered":"l&rsquo;\u00e9preuve"},"content":{"rendered":"<p>ces frondaisons contre le ciel\/ qui n\u2019\u00e9taient pas l\u00e0 hier\/ regarde par la fen\u00eatre\/  la lumi\u00e8re a baiss\u00e9 d\u2019un cran\/ bient\u00f4t on prendra la route qui m\u00e8ne au tunnel \/ et qui grimpe tellement\/  qu\u2019on a mal dans les cuisses\/ et \u00e0 l\u2019int\u00e9rieur de la poitrine\/ \u00e0 la recherche du souffle \u2013 sans repos et sans halte.<br \/>\non voudrait l\u2019\u00e9viter\/ surtout \u00e0 cette enfant tenue \u00e0 bras\/ qui aurait d\u00fb rester dans sa chambre\/ pleine de jouets\/ dans sa vie o\u00f9 les visages se penchaient, radieux\/ et qui affronte avec eux cette pente trop dure\/  pour les adultes\/  qui pleurent en se cachant d\u2019elle.<\/p>\n<p><em>je m\u2019aper\u00e7ois que ce po\u00e8me pourrait parler de r\u00e9fugi\u00e9s mais c\u2019est une toute autre histoire l\u2019histoire d\u2019un malheur qui vient de p\u00e9n\u00e9trer dans la vie d\u2019une petite fille.<\/em><\/p>\n<p>et c\u2019est ainsi que se rejoignent tous les paysages si on se donne la peine de les peindre.<br \/>\ntous nous avons connu ce noir pas du tout velout\u00e9 ce noir gla\u00e7ant<br \/>\net l\u2019incertitude finale.<br \/>\ntous nous avons maudit la gravit\u00e9 qui nous \u00e9crasait et les branches<br \/>\nbasses dont l\u2019\u00e9t\u00e9 a \u00f4t\u00e9 toute vigueur, si s\u00e8ches, s\u00e8ches<br \/>\net le ciel d\u2019un blanc pl\u00e2treux.<br \/>\nnous savons que nous ne savons pas comment vivre l\u2019\u00e9preuve<br \/>\nl\u2019\u00e9change des chagrins qui passent<br \/>\npar les m\u00eame canaux que l\u2019amour.<\/p>\n","protected":false},"excerpt":{"rendered":"<p>ces frondaisons contre le ciel\/ qui n\u2019\u00e9taient pas l\u00e0 hier\/ regarde par la fen\u00eatre\/ la lumi\u00e8re a baiss\u00e9 d\u2019un cran\/ bient\u00f4t on prendra la route qui m\u00e8ne au tunnel \/ et qui grimpe tellement\/ qu\u2019on a mal dans les cuisses\/ (&hellip;)<\/p>\n<p><a href=\"https:\/\/www.angle-vivant.net\/claireceira\/lepreuve\/\">Read the rest of this entry &raquo;<\/a><\/p>\n","protected":false},"author":1,"featured_media":0,"comment_status":"open","ping_status":"closed","sticky":false,"template":"","format":"standard","meta":{"footnotes":""},"categories":[22],"tags":[],"class_list":["post-1999","post","type-post","status-publish","format-standard","hentry","category-la-voie-associative"],"_links":{"self":[{"href":"https:\/\/www.angle-vivant.net\/claireceira\/wp-json\/wp\/v2\/posts\/1999","targetHints":{"allow":["GET"]}}],"collection":[{"href":"https:\/\/www.angle-vivant.net\/claireceira\/wp-json\/wp\/v2\/posts"}],"about":[{"href":"https:\/\/www.angle-vivant.net\/claireceira\/wp-json\/wp\/v2\/types\/post"}],"author":[{"embeddable":true,"href":"https:\/\/www.angle-vivant.net\/claireceira\/wp-json\/wp\/v2\/users\/1"}],"replies":[{"embeddable":true,"href":"https:\/\/www.angle-vivant.net\/claireceira\/wp-json\/wp\/v2\/comments?post=1999"}],"version-history":[{"count":10,"href":"https:\/\/www.angle-vivant.net\/claireceira\/wp-json\/wp\/v2\/posts\/1999\/revisions"}],"predecessor-version":[{"id":2460,"href":"https:\/\/www.angle-vivant.net\/claireceira\/wp-json\/wp\/v2\/posts\/1999\/revisions\/2460"}],"wp:attachment":[{"href":"https:\/\/www.angle-vivant.net\/claireceira\/wp-json\/wp\/v2\/media?parent=1999"}],"wp:term":[{"taxonomy":"category","embeddable":true,"href":"https:\/\/www.angle-vivant.net\/claireceira\/wp-json\/wp\/v2\/categories?post=1999"},{"taxonomy":"post_tag","embeddable":true,"href":"https:\/\/www.angle-vivant.net\/claireceira\/wp-json\/wp\/v2\/tags?post=1999"}],"curies":[{"name":"wp","href":"https:\/\/api.w.org\/{rel}","templated":true}]}}