{"id":196,"date":"2012-01-27T15:55:24","date_gmt":"2012-01-27T15:55:24","guid":{"rendered":"https:\/\/www.angle-vivant.net\/claireceira\/?p=196"},"modified":"2016-12-13T15:13:46","modified_gmt":"2016-12-13T15:13:46","slug":"cest-une-piece-iv","status":"publish","type":"post","link":"https:\/\/www.angle-vivant.net\/claireceira\/cest-une-piece-iv\/","title":{"rendered":"C&rsquo;est une pi\u00e8ce (4)"},"content":{"rendered":"<p>&#8230;..c&rsquo;est un salon o\u00f9 il n&rsquo;y a personne. Deux canap\u00e9s diff\u00e9rents, une table basse, des objets. C&rsquo;est un jour de lumi\u00e8re blanche, et par la porte-fen\u00eatre on voit un b\u00e2timent un peu particulier, surmont\u00e9 d&rsquo;une sorte de tourelle couverte, aux fen\u00eatres petites et align\u00e9es. Pour la beaut\u00e9 seulement ou pour le contre-jour, le photographe a allum\u00e9 une lampe ronde, que nimbe un imperceptible halo, dans la forte lumi\u00e8re venue du dehors.<br \/>\n<em>On y serait invit\u00e9 un jour, on s&rsquo;assi\u00e9rait sur l&rsquo;un des deux canap\u00e9s de cuir noir, le corps au d\u00e9but un peu raide, \u00e0 cause de son statut d&rsquo;invit\u00e9, de la conversation \u00e0 soutenir. Mais peu \u00e0 peu sans doute, le plaisir de cette conversation commencerait \u00e0 couler et alors on serait touch\u00e9 par l&rsquo;arrangement de la pi\u00e8ce, beau sans affectation, et l&rsquo;id\u00e9e qu&rsquo;on pourrait habiter ce quartier paisible, avoir tous les jours sous les yeux cette tourelle, cette maison voisine, au plan diff\u00e9rent des autres.<br \/>\nOn plongerait chaque matin les yeux dans les branches de l&rsquo;arbre invisible qui se dresserait en dessous : bourgeonnantes, couvertes de feuilles ou nues, selon la saison, dont la photo ne dit rien. Le geste de fermer cette porte-fen\u00eatre, on pourrait l&rsquo;avoir en soi, dans le souvenir des bras, familier comme le grincement des deux battants qui s&#8217;embo\u00eetent, de la cr\u00e9mone qui tourne. On pourrait \u00eatre l&rsquo;homme ou la femme qui parle, en face de soi, celui ou celle qui a choisi ces objets.<\/em><br \/>\nUne voix nous dit alors qu&rsquo;on serait mieux que soi-m\u00eame, et cette voix est l&rsquo;assise de la tristesse, dans la r\u00e9alit\u00e9.<br \/>\nCette conversation r\u00eav\u00e9e, cette voix intime qu&rsquo;on conna\u00eet depuis si longtemps, le calme de l&rsquo;image et du dehors lumineux, font le m\u00eame halo que la lumi\u00e8re globuleuse et mate de la lampe, m\u00e9lang\u00e9e \u00e0 celle du jour (ext\u00e9rieure, dans son plein essor) <\/p>\n<p>On sort peu \u00e0 peu de cette vision, de cette photo, pour revenir \u00e0 la r\u00e9alit\u00e9.<\/p>\n<p><img loading=\"lazy\" decoding=\"async\" alt=\"\" src=\"http:\/\/farm9.staticflickr.com\/8283\/7536763406_1e673d5e84_m.jpg\" class=\"alignnone\" width=\"240\" height=\"180\" \/>.<\/p>\n","protected":false},"excerpt":{"rendered":"<p>&#8230;..c&rsquo;est un salon o\u00f9 il n&rsquo;y a personne. Deux canap\u00e9s diff\u00e9rents, une table basse, des objets. C&rsquo;est un jour de lumi\u00e8re blanche, et par la porte-fen\u00eatre on voit un b\u00e2timent un peu particulier, surmont\u00e9 d&rsquo;une sorte de tourelle couverte, aux (&hellip;)<\/p>\n<p><a href=\"https:\/\/www.angle-vivant.net\/claireceira\/cest-une-piece-iv\/\">Read the rest of this entry &raquo;<\/a><\/p>\n","protected":false},"author":1,"featured_media":0,"comment_status":"open","ping_status":"open","sticky":false,"template":"","format":"standard","meta":{"footnotes":""},"categories":[3],"tags":[],"class_list":["post-196","post","type-post","status-publish","format-standard","hentry","category-cestunepiece"],"_links":{"self":[{"href":"https:\/\/www.angle-vivant.net\/claireceira\/wp-json\/wp\/v2\/posts\/196","targetHints":{"allow":["GET"]}}],"collection":[{"href":"https:\/\/www.angle-vivant.net\/claireceira\/wp-json\/wp\/v2\/posts"}],"about":[{"href":"https:\/\/www.angle-vivant.net\/claireceira\/wp-json\/wp\/v2\/types\/post"}],"author":[{"embeddable":true,"href":"https:\/\/www.angle-vivant.net\/claireceira\/wp-json\/wp\/v2\/users\/1"}],"replies":[{"embeddable":true,"href":"https:\/\/www.angle-vivant.net\/claireceira\/wp-json\/wp\/v2\/comments?post=196"}],"version-history":[{"count":16,"href":"https:\/\/www.angle-vivant.net\/claireceira\/wp-json\/wp\/v2\/posts\/196\/revisions"}],"predecessor-version":[{"id":2584,"href":"https:\/\/www.angle-vivant.net\/claireceira\/wp-json\/wp\/v2\/posts\/196\/revisions\/2584"}],"wp:attachment":[{"href":"https:\/\/www.angle-vivant.net\/claireceira\/wp-json\/wp\/v2\/media?parent=196"}],"wp:term":[{"taxonomy":"category","embeddable":true,"href":"https:\/\/www.angle-vivant.net\/claireceira\/wp-json\/wp\/v2\/categories?post=196"},{"taxonomy":"post_tag","embeddable":true,"href":"https:\/\/www.angle-vivant.net\/claireceira\/wp-json\/wp\/v2\/tags?post=196"}],"curies":[{"name":"wp","href":"https:\/\/api.w.org\/{rel}","templated":true}]}}