{"id":1816,"date":"2016-02-07T10:33:25","date_gmt":"2016-02-07T10:33:25","guid":{"rendered":"https:\/\/www.angle-vivant.net\/claireceira\/?p=1816"},"modified":"2018-04-13T09:04:23","modified_gmt":"2018-04-13T09:04:23","slug":"jeux-du-present-passe","status":"publish","type":"post","link":"https:\/\/www.angle-vivant.net\/claireceira\/jeux-du-present-passe\/","title":{"rendered":"le jeu"},"content":{"rendered":"<p>enfants, dans des squares en hiver \u00e0 Paris.<br \/>\nje me souviens des grilles,<br \/>\ncomment elles d\u00e9limitaient l\u2019espace, la v\u00e9g\u00e9tation, et du portillon de m\u00e9tal peint qui se fermait sous son propre poids, en claquant.<br \/>\nje me souviens des petites fontaines dont il fallait presser le robinet de cuivre, de la nuit qui venait,<br \/>\ndes vieilles personnes immobiles sur les bancs, leurs pieds sur le sol sableux.<br \/>\nseule, je m&rsquo;arr\u00eatais de courir. de l&rsquo;autre c\u00f4t\u00e9 de la rue, envahie de bleu : le trottoir, les grands immeubles aux fa\u00e7ades indistinctes, et toutes les fen\u00eatres d\u2019or.<br \/>\n\u00e0 travers les vitres illumin\u00e9es par la lumi\u00e8re int\u00e9rieure, on voyait le haut des \u00e9tag\u00e8res, le plafonnier, quelques tableaux ou miroirs, les rideaux \u00e0 contre-jour.<br \/>\nchaque fen\u00eatre diff\u00e9rente, d&rsquo;un jaune plus ou moins p\u00e2le, particulier, et la couleur des murs,<br \/>\nparfois des rideaux opaques, tir\u00e9s sur l&rsquo;int\u00e9rieur.<br \/>\nalors, j&rsquo;\u00e9tais de nulle part.<\/p>\n","protected":false},"excerpt":{"rendered":"<p>enfants, dans des squares en hiver \u00e0 Paris. je me souviens des grilles, comment elles d\u00e9limitaient l\u2019espace, la v\u00e9g\u00e9tation, et du portillon de m\u00e9tal peint qui se fermait sous son propre poids, en claquant. je me souviens des petites fontaines (&hellip;)<\/p>\n<p><a href=\"https:\/\/www.angle-vivant.net\/claireceira\/jeux-du-present-passe\/\">Read the rest of this entry &raquo;<\/a><\/p>\n","protected":false},"author":1,"featured_media":0,"comment_status":"open","ping_status":"closed","sticky":false,"template":"","format":"standard","meta":{"footnotes":""},"categories":[21],"tags":[],"class_list":["post-1816","post","type-post","status-publish","format-standard","hentry","category-mobilis-immobilis"],"_links":{"self":[{"href":"https:\/\/www.angle-vivant.net\/claireceira\/wp-json\/wp\/v2\/posts\/1816","targetHints":{"allow":["GET"]}}],"collection":[{"href":"https:\/\/www.angle-vivant.net\/claireceira\/wp-json\/wp\/v2\/posts"}],"about":[{"href":"https:\/\/www.angle-vivant.net\/claireceira\/wp-json\/wp\/v2\/types\/post"}],"author":[{"embeddable":true,"href":"https:\/\/www.angle-vivant.net\/claireceira\/wp-json\/wp\/v2\/users\/1"}],"replies":[{"embeddable":true,"href":"https:\/\/www.angle-vivant.net\/claireceira\/wp-json\/wp\/v2\/comments?post=1816"}],"version-history":[{"count":26,"href":"https:\/\/www.angle-vivant.net\/claireceira\/wp-json\/wp\/v2\/posts\/1816\/revisions"}],"predecessor-version":[{"id":3092,"href":"https:\/\/www.angle-vivant.net\/claireceira\/wp-json\/wp\/v2\/posts\/1816\/revisions\/3092"}],"wp:attachment":[{"href":"https:\/\/www.angle-vivant.net\/claireceira\/wp-json\/wp\/v2\/media?parent=1816"}],"wp:term":[{"taxonomy":"category","embeddable":true,"href":"https:\/\/www.angle-vivant.net\/claireceira\/wp-json\/wp\/v2\/categories?post=1816"},{"taxonomy":"post_tag","embeddable":true,"href":"https:\/\/www.angle-vivant.net\/claireceira\/wp-json\/wp\/v2\/tags?post=1816"}],"curies":[{"name":"wp","href":"https:\/\/api.w.org\/{rel}","templated":true}]}}