{"id":1806,"date":"2016-02-07T09:49:56","date_gmt":"2016-02-07T09:49:56","guid":{"rendered":"https:\/\/www.angle-vivant.net\/claireceira\/?p=1806"},"modified":"2016-09-16T15:25:52","modified_gmt":"2016-09-16T15:25:52","slug":"voyage-dhiver","status":"publish","type":"post","link":"https:\/\/www.angle-vivant.net\/claireceira\/voyage-dhiver\/","title":{"rendered":"voyage d&rsquo;hiver"},"content":{"rendered":"<p>on roulait, on descendait, on s&rsquo;enfon\u00e7ait dans l&rsquo;\u00e9trange foisonnement de collines de l&rsquo;Alentejo, vers le sud. Le voyage avait d\u00e9j\u00e0 pris son identit\u00e9, \u00e0 cause des haltes dans ces stations service presque d\u00e9sertes, o\u00f9 les gens \u00e9taient si tranquilles, si disponibles, o\u00f9 on s&rsquo;interrogeait sur les petits p\u00e2t\u00e9s pos\u00e9s derri\u00e8re la vitrine, o\u00f9 on buvait du caf\u00e9 \u00e0 la fois serr\u00e9 et doux. Elles n&rsquo;\u00e9taient pas comme partout en Europe, ces stations pos\u00e9es au milieu de rien, entre des villages \u00e9loign\u00e9s : il n&rsquo;y avait pas beaucoup de plastique ni de m\u00e9tal blanc ou rouge, et plut\u00f4t du bois dans la caf\u00e9t\u00e9ria.<br \/>\nApr\u00e8s on reprenait la route sous le ciel incertain, mais lumineux. Le relief moutonnant, vert sombre, donnait une id\u00e9e de pays l\u00e9gendaire, donnait envie d&rsquo;imaginer des jours et des jours de trajet jusqu&rsquo;\u00e0 la mer, jusqu&rsquo;aux petites villes c\u00f4ti\u00e8res, petits ports avec leurs remparts et leurs constructions r\u00e9centes aux volets tous ferm\u00e9s en cette saison. C&rsquo;\u00e9tait bien d&rsquo;imaginer les foules du mois d&rsquo;ao\u00fbt dans ces espaces d\u00e9serts ou presque, devant cette v\u00e9g\u00e9tation d&rsquo;hiver, dans ces villes o\u00f9 quelques rares caf\u00e9s brillaient de quelques guirlandes, silhouettes en manteaux attabl\u00e9es dans la rue.<br \/>\nIl y a eu ce fleuve, qui sert de fronti\u00e8re depuis toujours. On est all\u00e9s tout au bord, une rivi\u00e8re le rejoignait \u00e0 cette endroit, comme lui charriant un limon brun presque rouge, qui s&rsquo;\u00e9tait d\u00e9pos\u00e9 sur leurs rives et brillait au soleil. Il n&rsquo; y avait pas \u00e2me qui vive dans ce lieu-l\u00e0. On regardait le large fleuve, debout \u00e0 c\u00f4t\u00e9 de la voiture silencieuse.<\/p>\n","protected":false},"excerpt":{"rendered":"<p>on roulait, on descendait, on s&rsquo;enfon\u00e7ait dans l&rsquo;\u00e9trange foisonnement de collines de l&rsquo;Alentejo, vers le sud. Le voyage avait d\u00e9j\u00e0 pris son identit\u00e9, \u00e0 cause des haltes dans ces stations service presque d\u00e9sertes, o\u00f9 les gens \u00e9taient si tranquilles, si (&hellip;)<\/p>\n<p><a href=\"https:\/\/www.angle-vivant.net\/claireceira\/voyage-dhiver\/\">Read the rest of this entry &raquo;<\/a><\/p>\n","protected":false},"author":1,"featured_media":0,"comment_status":"open","ping_status":"closed","sticky":false,"template":"","format":"standard","meta":{"footnotes":""},"categories":[21],"tags":[],"class_list":["post-1806","post","type-post","status-publish","format-standard","hentry","category-mobilis-immobilis"],"_links":{"self":[{"href":"https:\/\/www.angle-vivant.net\/claireceira\/wp-json\/wp\/v2\/posts\/1806","targetHints":{"allow":["GET"]}}],"collection":[{"href":"https:\/\/www.angle-vivant.net\/claireceira\/wp-json\/wp\/v2\/posts"}],"about":[{"href":"https:\/\/www.angle-vivant.net\/claireceira\/wp-json\/wp\/v2\/types\/post"}],"author":[{"embeddable":true,"href":"https:\/\/www.angle-vivant.net\/claireceira\/wp-json\/wp\/v2\/users\/1"}],"replies":[{"embeddable":true,"href":"https:\/\/www.angle-vivant.net\/claireceira\/wp-json\/wp\/v2\/comments?post=1806"}],"version-history":[{"count":6,"href":"https:\/\/www.angle-vivant.net\/claireceira\/wp-json\/wp\/v2\/posts\/1806\/revisions"}],"predecessor-version":[{"id":2095,"href":"https:\/\/www.angle-vivant.net\/claireceira\/wp-json\/wp\/v2\/posts\/1806\/revisions\/2095"}],"wp:attachment":[{"href":"https:\/\/www.angle-vivant.net\/claireceira\/wp-json\/wp\/v2\/media?parent=1806"}],"wp:term":[{"taxonomy":"category","embeddable":true,"href":"https:\/\/www.angle-vivant.net\/claireceira\/wp-json\/wp\/v2\/categories?post=1806"},{"taxonomy":"post_tag","embeddable":true,"href":"https:\/\/www.angle-vivant.net\/claireceira\/wp-json\/wp\/v2\/tags?post=1806"}],"curies":[{"name":"wp","href":"https:\/\/api.w.org\/{rel}","templated":true}]}}