{"id":1804,"date":"2016-02-07T09:47:07","date_gmt":"2016-02-07T09:47:07","guid":{"rendered":"https:\/\/www.angle-vivant.net\/claireceira\/?p=1804"},"modified":"2016-09-16T15:35:57","modified_gmt":"2016-09-16T15:35:57","slug":"ce-qui-est-impossible-a-dire","status":"publish","type":"post","link":"https:\/\/www.angle-vivant.net\/claireceira\/ce-qui-est-impossible-a-dire\/","title":{"rendered":"ce qui est impossible \u00e0 dire"},"content":{"rendered":"<p>ma derni\u00e8re incarnation \u00e9tait derri\u00e8re une fen\u00eatre, \u00e0 l&rsquo;heure exacte o\u00f9 je suis n\u00e9e, mais longtemps apr\u00e8s bien entendu, et dans un lieu compl\u00e8tement diff\u00e9rent&#8230;le vent du soir argent\u00e9 dans les branches juste en dessous de la terrasse, les longues feuilles comme coiff\u00e9es en arri\u00e8re, qui bougent, et le tr\u00e8s grand pin au fond, majest\u00e9 noire<br \/>\nelle aussi en mouvement.<br \/>\n je pensais \u00e0 l&rsquo;incarnation pr\u00e9c\u00e9dente, quand debout dans le jardin \u00e0 la m\u00eame heure, j&rsquo;\u00e9tais s\u00e9par\u00e9e par un mur d&rsquo;un arbre touffu, o\u00f9 de petits oiseaux p\u00e9piaient. Cette fois, il n&rsquo;y avait pas de vent. Ce p\u00e9piement, si fin, subtil, constant, comme s&rsquo;ils parlaient de l&rsquo;abri qui les cachait la nuit venant, de leur plaisir \u00e0 \u00eatre ensemble, d&rsquo;une m\u00eame esp\u00e8ce.<br \/>\nl&rsquo;arbre est une maison d&rsquo;ombre o\u00f9 le temps nous pose, oiseaux parmi les oiseaux.<\/p>\n<p>que nos voix entour\u00e9es se perdent<br \/>\ndans cet abri cette ramure.<br \/>\navec tous ceux auxquels je fus li\u00e9e, toute parole oubli\u00e9e,<br \/>\nseulement un r\u00eave obscur de chant et de halo. <\/p>\n","protected":false},"excerpt":{"rendered":"<p>ma derni\u00e8re incarnation \u00e9tait derri\u00e8re une fen\u00eatre, \u00e0 l&rsquo;heure exacte o\u00f9 je suis n\u00e9e, mais longtemps apr\u00e8s bien entendu, et dans un lieu compl\u00e8tement diff\u00e9rent&#8230;le vent du soir argent\u00e9 dans les branches juste en dessous de la terrasse, les longues (&hellip;)<\/p>\n<p><a href=\"https:\/\/www.angle-vivant.net\/claireceira\/ce-qui-est-impossible-a-dire\/\">Read the rest of this entry &raquo;<\/a><\/p>\n","protected":false},"author":1,"featured_media":0,"comment_status":"open","ping_status":"closed","sticky":false,"template":"","format":"standard","meta":{"footnotes":""},"categories":[22],"tags":[],"class_list":["post-1804","post","type-post","status-publish","format-standard","hentry","category-la-voie-associative"],"_links":{"self":[{"href":"https:\/\/www.angle-vivant.net\/claireceira\/wp-json\/wp\/v2\/posts\/1804","targetHints":{"allow":["GET"]}}],"collection":[{"href":"https:\/\/www.angle-vivant.net\/claireceira\/wp-json\/wp\/v2\/posts"}],"about":[{"href":"https:\/\/www.angle-vivant.net\/claireceira\/wp-json\/wp\/v2\/types\/post"}],"author":[{"embeddable":true,"href":"https:\/\/www.angle-vivant.net\/claireceira\/wp-json\/wp\/v2\/users\/1"}],"replies":[{"embeddable":true,"href":"https:\/\/www.angle-vivant.net\/claireceira\/wp-json\/wp\/v2\/comments?post=1804"}],"version-history":[{"count":11,"href":"https:\/\/www.angle-vivant.net\/claireceira\/wp-json\/wp\/v2\/posts\/1804\/revisions"}],"predecessor-version":[{"id":2251,"href":"https:\/\/www.angle-vivant.net\/claireceira\/wp-json\/wp\/v2\/posts\/1804\/revisions\/2251"}],"wp:attachment":[{"href":"https:\/\/www.angle-vivant.net\/claireceira\/wp-json\/wp\/v2\/media?parent=1804"}],"wp:term":[{"taxonomy":"category","embeddable":true,"href":"https:\/\/www.angle-vivant.net\/claireceira\/wp-json\/wp\/v2\/categories?post=1804"},{"taxonomy":"post_tag","embeddable":true,"href":"https:\/\/www.angle-vivant.net\/claireceira\/wp-json\/wp\/v2\/tags?post=1804"}],"curies":[{"name":"wp","href":"https:\/\/api.w.org\/{rel}","templated":true}]}}