{"id":1801,"date":"2016-01-29T13:48:46","date_gmt":"2016-01-29T13:48:46","guid":{"rendered":"https:\/\/www.angle-vivant.net\/claireceira\/?p=1801"},"modified":"2016-09-16T15:40:22","modified_gmt":"2016-09-16T15:40:22","slug":"pourquoi-jaime-mon-supermarche","status":"publish","type":"post","link":"https:\/\/www.angle-vivant.net\/claireceira\/pourquoi-jaime-mon-supermarche\/","title":{"rendered":"pourquoi j&rsquo;aime mon supermarch\u00e9"},"content":{"rendered":"<p>Pourquoi j&rsquo;aime mon supermarch\u00e9 ?  parce qu\u2019il est \u00e0 5 minutes de chez moi, que je passe devant la caserne des pompiers flambant neuve, \u00e9norme. parce qu\u2019il se trouve derri\u00e8re une petite cit\u00e9 crade, et que je vois les gens y venir avec leurs vieux sacs, leur fatigue. parce que je vois en \u00e9t\u00e9 les jeunes guetteurs assis dans la rue en impasse, sur une chaise qu\u2019ils ont mise l\u00e0. longs corps dans l\u2019adolescence, ennui des heures de chaleur. parce qu\u2019ils ont refait la grande surface du parking dans laquelle les pluies d\u2019ici si fortes cr\u00e9aient des sortes d\u2019\u00e9tangs infranchissables. le bitume neuf, les lignes bien blanches encore, la circulation qui s\u2019est r\u00e9gul\u00e9e entre la sortie et l\u2019entr\u00e9e\u2026mais j\u2019aimais aussi le vieux bitume affaiss\u00e9, les fissures, le d\u00e9sordre. parce qu\u2019en fin d\u2019\u00e9t\u00e9, sur une haute cl\u00f4ture qui ferme tout un c\u00f4t\u00e9 du parking, des plantes grimpantes font un tableau superbe : bleu violet des ipom\u00e9es, bleu doux des plumbago, et puis cette liane inconnue aux fleurs jaunes, et que de l\u2019autre c\u00f4t\u00e9 on aper\u00e7oit au loin un grand jardin envahi de coquelicots. parce que les caissi\u00e8res sont toujours les m\u00eames et rigolent entre elles ou avec les magasiniers. parce qu\u2019elles sont gentilles.  parce qu\u2019il y a une forte proportion de vieillards, de vieillards pauvres, et que je peux voir comment le temps travaille les visages et les corps, les d\u00e9molit. parce qu\u2019il y a un rayon de jouets  bon march\u00e9 qui me rappelle des choses. parce que je sais exactement o\u00f9 se trouve chaque rayon. parce qu\u2019il flotte un parfum de malheur, de pr\u00e9carit\u00e9, qui m\u2019envahit peu \u00e0 peu et qu\u2019en sortant je le porte avec moi un moment, qu\u2019il m\u2019angoisse. parce qu\u2019il y a des femmes voil\u00e9es, lourdes, des filles maquill\u00e9es, des petits enfants qui touchent les rayons. parce que beaucoup de gens se saluent, se connaissent. parce que je ne connais personne. parce que j\u2019ai connu avant &#8211; \u00e0 Amiens &#8211; un supermarch\u00e9 de la m\u00eame cha\u00eene, de la m\u00eame taille,  o\u00f9 j\u2019allais aussi toutes les semaines, o\u00f9 les clients \u00e9taient plut\u00f4t bourgeois, c\u2019\u00e9tait pr\u00e8s des quartiers sud. parce que je pense \u00e0 autre chose quand j\u2019y suis, \u00e0 des gens absents. parce que j\u2019y suis all\u00e9e si souvent, depuis si longtemps, dans des humeurs si diverses, le temps fait comme une tapisserie.<\/p>\n","protected":false},"excerpt":{"rendered":"<p>Pourquoi j&rsquo;aime mon supermarch\u00e9 ? parce qu\u2019il est \u00e0 5 minutes de chez moi, que je passe devant la caserne des pompiers flambant neuve, \u00e9norme. parce qu\u2019il se trouve derri\u00e8re une petite cit\u00e9 crade, et que je vois les gens (&hellip;)<\/p>\n<p><a href=\"https:\/\/www.angle-vivant.net\/claireceira\/pourquoi-jaime-mon-supermarche\/\">Read the rest of this entry &raquo;<\/a><\/p>\n","protected":false},"author":1,"featured_media":0,"comment_status":"open","ping_status":"closed","sticky":false,"template":"","format":"standard","meta":{"footnotes":""},"categories":[22],"tags":[],"class_list":["post-1801","post","type-post","status-publish","format-standard","hentry","category-la-voie-associative"],"_links":{"self":[{"href":"https:\/\/www.angle-vivant.net\/claireceira\/wp-json\/wp\/v2\/posts\/1801","targetHints":{"allow":["GET"]}}],"collection":[{"href":"https:\/\/www.angle-vivant.net\/claireceira\/wp-json\/wp\/v2\/posts"}],"about":[{"href":"https:\/\/www.angle-vivant.net\/claireceira\/wp-json\/wp\/v2\/types\/post"}],"author":[{"embeddable":true,"href":"https:\/\/www.angle-vivant.net\/claireceira\/wp-json\/wp\/v2\/users\/1"}],"replies":[{"embeddable":true,"href":"https:\/\/www.angle-vivant.net\/claireceira\/wp-json\/wp\/v2\/comments?post=1801"}],"version-history":[{"count":3,"href":"https:\/\/www.angle-vivant.net\/claireceira\/wp-json\/wp\/v2\/posts\/1801\/revisions"}],"predecessor-version":[{"id":2253,"href":"https:\/\/www.angle-vivant.net\/claireceira\/wp-json\/wp\/v2\/posts\/1801\/revisions\/2253"}],"wp:attachment":[{"href":"https:\/\/www.angle-vivant.net\/claireceira\/wp-json\/wp\/v2\/media?parent=1801"}],"wp:term":[{"taxonomy":"category","embeddable":true,"href":"https:\/\/www.angle-vivant.net\/claireceira\/wp-json\/wp\/v2\/categories?post=1801"},{"taxonomy":"post_tag","embeddable":true,"href":"https:\/\/www.angle-vivant.net\/claireceira\/wp-json\/wp\/v2\/tags?post=1801"}],"curies":[{"name":"wp","href":"https:\/\/api.w.org\/{rel}","templated":true}]}}