{"id":1792,"date":"2016-01-12T17:15:37","date_gmt":"2016-01-12T17:15:37","guid":{"rendered":"https:\/\/www.angle-vivant.net\/claireceira\/?p=1792"},"modified":"2016-09-16T15:42:03","modified_gmt":"2016-09-16T15:42:03","slug":"trois-reves","status":"publish","type":"post","link":"https:\/\/www.angle-vivant.net\/claireceira\/trois-reves\/","title":{"rendered":"trois r\u00eaves"},"content":{"rendered":"<p>le r\u00eave d&rsquo;une ville, sur une colline allong\u00e9e comme une \u00e9paule.<br \/>\ntandis qu&rsquo;on descend rapidement les degr\u00e9s, les larges marches \u00e9tag\u00e9es vers la m\u00e9diterran\u00e9e, de Malte, La Valette, \u00e0 cet endroit o\u00f9 elle tire trois langues dans la mer, o\u00f9 les b\u00e2timents de d\u00e9fense, d&rsquo;un blanc de pierre polie, se reposent comme le squelette de leur propre fonction, inutiles.<br \/>\nd\u00e9valer tout \u00e7a, et les rues sommeillantes o\u00f9 une voiture tr\u00e8s vieille, capot lev\u00e9, vit ses derni\u00e8res heures, o\u00f9 des gamins \u00e9coutent leur musique. il n&rsquo;y a plus rien d&rsquo;hostile, ni de dangereux&#8230;mais leur langue si bizarre, si restreinte, si m\u00e9lang\u00e9e des tous les c\u00f4t\u00e9s de cette mer bleue sombre, immense, centrale.<br \/>\nle bout de la terre ne se voit pas l\u00e0 o\u00f9 il plonge dans l&rsquo;eau, recouvert de murailles, mais il est garni des m\u00eames pierres que le mur qu&rsquo;il porte.<br \/>\nil y a un homme et son enfant. il est en train de lui dire quelque chose d&rsquo;important, \u00e7a se voit. l&rsquo;enfant a la t\u00eate lev\u00e9e vers lui, j&rsquo;entends les mots de loin, sans comprendre.<\/p>\n<p>le r\u00eave o\u00f9 il y a un mur d&rsquo;eau, des gens qui dessinent un visage dans les cataractes, acrobates vagues, vus de loin. Puis d&rsquo;autres figures, d&rsquo;autres sc\u00e8nes, tout cela comme non reli\u00e9, illisible. c&rsquo;est le r\u00eave o\u00f9 j\u2019essaie de dire que je ne comprends rien au spectacle, et o\u00f9 on m&#8217;emp\u00eache de parler.<br \/>\n &#8230;parce que ce que je voudrais dire est inutile, parce que je n&rsquo;ai rien compris : c&rsquo;est un spectacle qu&rsquo;il faut seulement voir, voir sans parler.<br \/>\nil y a aussi cette cale de navire en train de couler et les petites figurines en biscuit orn\u00e9es de fruits confits, le gar\u00e7on et la fille. quelle est celle que l&rsquo;eau a tremp\u00e9e, et qui s&rsquo;est cass\u00e9e ? elle fait partie du spectacle, il faut trouver de quoi la remplacer. <\/p>\n<p>le r\u00eave o\u00f9 je vole ou plut\u00f4t plane, depuis un lieu \u00e9lev\u00e9, le sol que je regarde de haut, comme un parking avec ses petits camions, ses buissons arrondis, leurs ombres. Et la personne que je cherche du regard, un planeur d\u00e9j\u00e0 pos\u00e9 sans doute. chercher quelqu&rsquo;un, c&rsquo;est ce que j&rsquo;ai fait de plus insistant, de plus essentiel.<\/p>\n","protected":false},"excerpt":{"rendered":"<p>le r\u00eave d&rsquo;une ville, sur une colline allong\u00e9e comme une \u00e9paule. tandis qu&rsquo;on descend rapidement les degr\u00e9s, les larges marches \u00e9tag\u00e9es vers la m\u00e9diterran\u00e9e, de Malte, La Valette, \u00e0 cet endroit o\u00f9 elle tire trois langues dans la mer, o\u00f9 (&hellip;)<\/p>\n<p><a href=\"https:\/\/www.angle-vivant.net\/claireceira\/trois-reves\/\">Read the rest of this entry &raquo;<\/a><\/p>\n","protected":false},"author":1,"featured_media":0,"comment_status":"open","ping_status":"closed","sticky":false,"template":"","format":"standard","meta":{"footnotes":""},"categories":[22],"tags":[],"class_list":["post-1792","post","type-post","status-publish","format-standard","hentry","category-la-voie-associative"],"_links":{"self":[{"href":"https:\/\/www.angle-vivant.net\/claireceira\/wp-json\/wp\/v2\/posts\/1792","targetHints":{"allow":["GET"]}}],"collection":[{"href":"https:\/\/www.angle-vivant.net\/claireceira\/wp-json\/wp\/v2\/posts"}],"about":[{"href":"https:\/\/www.angle-vivant.net\/claireceira\/wp-json\/wp\/v2\/types\/post"}],"author":[{"embeddable":true,"href":"https:\/\/www.angle-vivant.net\/claireceira\/wp-json\/wp\/v2\/users\/1"}],"replies":[{"embeddable":true,"href":"https:\/\/www.angle-vivant.net\/claireceira\/wp-json\/wp\/v2\/comments?post=1792"}],"version-history":[{"count":5,"href":"https:\/\/www.angle-vivant.net\/claireceira\/wp-json\/wp\/v2\/posts\/1792\/revisions"}],"predecessor-version":[{"id":1797,"href":"https:\/\/www.angle-vivant.net\/claireceira\/wp-json\/wp\/v2\/posts\/1792\/revisions\/1797"}],"wp:attachment":[{"href":"https:\/\/www.angle-vivant.net\/claireceira\/wp-json\/wp\/v2\/media?parent=1792"}],"wp:term":[{"taxonomy":"category","embeddable":true,"href":"https:\/\/www.angle-vivant.net\/claireceira\/wp-json\/wp\/v2\/categories?post=1792"},{"taxonomy":"post_tag","embeddable":true,"href":"https:\/\/www.angle-vivant.net\/claireceira\/wp-json\/wp\/v2\/tags?post=1792"}],"curies":[{"name":"wp","href":"https:\/\/api.w.org\/{rel}","templated":true}]}}