{"id":1783,"date":"2015-12-15T22:40:20","date_gmt":"2015-12-15T22:40:20","guid":{"rendered":"https:\/\/www.angle-vivant.net\/claireceira\/?p=1783"},"modified":"2017-02-07T10:53:12","modified_gmt":"2017-02-07T10:53:12","slug":"trois-maisons","status":"publish","type":"post","link":"https:\/\/www.angle-vivant.net\/claireceira\/trois-maisons\/","title":{"rendered":"des maisons"},"content":{"rendered":"<p>.<\/p>\n<p><strong><em>retraite<\/strong><\/em><\/p>\n<p>la tristesse vibre comme une harpe :<br \/>\npas de doigts, un courant d\u2019air<br \/>\nune vibration de la terre\/<\/p>\n<p>de l\u2019autre c\u00f4t\u00e9 de la montagne<br \/>\nla maison est ferm\u00e9e devant l\u2019hiver<br \/>\nsauf dans cette pi\u00e8ce<br \/>\no\u00f9 la fen\u00eatre est grande ouverte<br \/>\nl\u2019air froid l\u2019a investie<br \/>\navec les odeurs de tout ce qui est<br \/>\nalentour.\/<\/p>\n<p>l\u2019esprit fait le tour de la montagne et revient<br \/>\nrien n\u2019a \u00e9t\u00e9 rencontr\u00e9<br \/>\nla pluie va bient\u00f4t entrer dans la pi\u00e8ce<br \/>\net mouiller le sol sur une mince lisi\u00e8re.\/<\/p>\n<p>.<\/p>\n<p><strong><em>stations<\/strong><\/em><\/p>\n<p>Je<br \/>\nsuis le t\u00e9moin de toi<br \/>\nde la petite maison au fond des for\u00eats<br \/>\no\u00f9 la nuit tombe\/<\/p>\n<p>la maison r\u00e9fugi\u00e9e<br \/>\nt\u00e9moigne des endroits<br \/>\no\u00f9 nul ne va\/<\/p>\n<p>Je<br \/>\nla regarde\/<\/p>\n<p>depuis la bordure du bois<br \/>\nce que tu es s\u2019est assis en tailleur<br \/>\nsur le temps arr\u00eat\u00e9\/<\/p>\n<p>l\u2019humidit\u00e9 a tout p\u00e9n\u00e9tr\u00e9<br \/>\net tout s\u2019est d\u00e9pos\u00e9<br \/>\ncomme des feuilles d\u2019ann\u00e9es<br \/>\nen paquets\/<\/p>\n<p>la petite maison comme une poule couve<br \/>\nce que tu es &#8211; \u00e9tais.\/<\/p>\n<p>.<\/p>\n<p><strong><em>inclinaisons<\/strong><\/em><\/p>\n<p>pyramide<br \/>\nbras au repos<br \/>\nles flancs d&rsquo;une montagne<br \/>\nla cape mouill\u00e9e d&rsquo;un berger<br \/>\nsurpris par la nuit sous un arbre.\/<\/p>\n<p>toujours les yeux vivants<br \/>\n\u00e0 l&rsquo;int\u00e9rieur du cr\u00e2ne :<br \/>\nla ti\u00e8de cath\u00e9drale<br \/>\nferm\u00e9e au public apr\u00e8s<br \/>\nla derni\u00e8re c\u00e9r\u00e9monie.\/<\/p>\n<p>cherchant par quelle issue<br \/>\ndu corps passent la route ou la rivi\u00e8re<br \/>\ndont le flux \u00e9tait si froid<br \/>\nen sortant de terre.\/<\/p>\n","protected":false},"excerpt":{"rendered":"<p>. retraite la tristesse vibre comme une harpe : pas de doigts, un courant d\u2019air une vibration de la terre\/ de l\u2019autre c\u00f4t\u00e9 de la montagne la maison est ferm\u00e9e devant l\u2019hiver sauf dans cette pi\u00e8ce o\u00f9 la fen\u00eatre est (&hellip;)<\/p>\n<p><a href=\"https:\/\/www.angle-vivant.net\/claireceira\/trois-maisons\/\">Read the rest of this entry &raquo;<\/a><\/p>\n","protected":false},"author":1,"featured_media":0,"comment_status":"open","ping_status":"closed","sticky":false,"template":"","format":"standard","meta":{"footnotes":""},"categories":[19],"tags":[],"class_list":["post-1783","post","type-post","status-publish","format-standard","hentry","category-maison"],"_links":{"self":[{"href":"https:\/\/www.angle-vivant.net\/claireceira\/wp-json\/wp\/v2\/posts\/1783","targetHints":{"allow":["GET"]}}],"collection":[{"href":"https:\/\/www.angle-vivant.net\/claireceira\/wp-json\/wp\/v2\/posts"}],"about":[{"href":"https:\/\/www.angle-vivant.net\/claireceira\/wp-json\/wp\/v2\/types\/post"}],"author":[{"embeddable":true,"href":"https:\/\/www.angle-vivant.net\/claireceira\/wp-json\/wp\/v2\/users\/1"}],"replies":[{"embeddable":true,"href":"https:\/\/www.angle-vivant.net\/claireceira\/wp-json\/wp\/v2\/comments?post=1783"}],"version-history":[{"count":18,"href":"https:\/\/www.angle-vivant.net\/claireceira\/wp-json\/wp\/v2\/posts\/1783\/revisions"}],"predecessor-version":[{"id":2775,"href":"https:\/\/www.angle-vivant.net\/claireceira\/wp-json\/wp\/v2\/posts\/1783\/revisions\/2775"}],"wp:attachment":[{"href":"https:\/\/www.angle-vivant.net\/claireceira\/wp-json\/wp\/v2\/media?parent=1783"}],"wp:term":[{"taxonomy":"category","embeddable":true,"href":"https:\/\/www.angle-vivant.net\/claireceira\/wp-json\/wp\/v2\/categories?post=1783"},{"taxonomy":"post_tag","embeddable":true,"href":"https:\/\/www.angle-vivant.net\/claireceira\/wp-json\/wp\/v2\/tags?post=1783"}],"curies":[{"name":"wp","href":"https:\/\/api.w.org\/{rel}","templated":true}]}}