{"id":1760,"date":"2015-11-10T10:54:24","date_gmt":"2015-11-10T10:54:24","guid":{"rendered":"https:\/\/www.angle-vivant.net\/claireceira\/?p=1760"},"modified":"2016-12-04T10:22:50","modified_gmt":"2016-12-04T10:22:50","slug":"une-annee-de-nuits","status":"publish","type":"post","link":"https:\/\/www.angle-vivant.net\/claireceira\/une-annee-de-nuits\/","title":{"rendered":"une ann\u00e9e de r\u00eaves"},"content":{"rendered":"<p>Une ann\u00e9e, j\u2019ai fait des r\u00eaves qui ne ressemblaient pas aux autres. Plus continus, plus \u00e9tonnants, comme si je portais en moi un cin\u00e9aste inconnu qui m\u2019invitait la nuit \u00e0 des projections priv\u00e9es int\u00e9rieures, des histoires vari\u00e9es, souvent surr\u00e9alistes mais pleines de sens, c\u2019\u00e9tait \u00e9vident.<br \/>\nJe n\u2019avais jamais envie d\u2019en sortir, au r\u00e9veil. Ce monde-l\u00e0, plus fort, plus sinc\u00e8re, avec de plus belles lumi\u00e8res, de plus belles obscurit\u00e9s, \u00e9tait peupl\u00e9 de gens, souvent de groupes de gens indistincts. J\u2019y \u00e9tais comme un t\u00e9moin, t\u00e9moin actif mais surtout regardant, essayant de faire face \u00e0 ce qui se produisait. C\u2019\u00e9tait comme avoir un moi d\u2019enfant dans un corps d\u2019adulte. Je me laissais mener par la n\u00e9cessit\u00e9 du r\u00eave, par les sentiments qui s\u2019y trouvaient, toujours simples. Aujourd\u2019hui encore, plus de deux ans apr\u00e8s la fin de cette histoire, la fin du dernier r\u00eave, je crois que je voudrais toujours \u00eatre ainsi, vivre ainsi, une vraie vie.<br \/>\nJe ne pensais pas du tout \u00e0 moi-m\u00eame, ou tr\u00e8s peu. Je pouvais na\u00efvement \u00eatre humili\u00e9e de mes maladresses, avoir peur, je pouvais surtout \u00eatre surprise d\u2019\u00eatre aim\u00e9e, me laisser couler comme dans un bain d\u2019eau ti\u00e8de dans le courant de l\u2019amiti\u00e9, ou de l\u2019amour partag\u00e9 qu\u2019on trouve par hasard. C\u2019\u00e9tait toujours un \u00e9tonnement. Je pouvais aussi \u00eatre absolument solitaire, et c\u2019\u00e9tait tout aussi essentiel, c\u2019\u00e9tait aussi ce qui me convenait. Exodes, r\u00e9unions de famille, deuils, explorations, travail, peu importait.<br \/>\nSi je r\u00e9fl\u00e9chis, je me dis que mes monologues int\u00e9rieurs \u00e9taient exempts de consid\u00e9rations intellectuelles, et c\u2019est peut-\u00eatre ce qui donnait \u00e0 cette vie son caract\u00e8re enfantin. Les pens\u00e9es \u00e9taient tr\u00e8s simples, li\u00e9es \u00e0 la situation. Il y avait des hommes, des femmes, des vieillards et des petits enfants. Souvent je me trouvais dans la situation de m\u2019occuper de quelqu\u2019un. Il y avait beaucoup de responsabilit\u00e9&#8230;..oui, si je r\u00e9fl\u00e9chis, c\u2019\u00e9tait le point commun : j\u2019\u00e9tais responsable \u00e0 chaque fois de quelque chose, de gens.<br \/>\nL\u2019autre point commun tient aux couleurs, elles \u00e9taient comme mordor\u00e9es, adoucies, ou bien sombres. Elles \u00e9taient belles comme dans les tableaux, comme dans les films.<br \/>\nJ\u2019en \u00e9tais arriv\u00e9e \u00e0 aller au lit avec impatience. Mon lit m\u2019attendait comme un bateau qui vous conduit de l\u2019autre c\u00f4t\u00e9 de la Terre, et en m\u00eame temps au fond des mers. Je faisais la planche dans le noir et aussit\u00f4t, doucement, comme un noy\u00e9 je coulais, l\u00e0 o\u00f9 nous allions.<br \/>\nMais si beaux qu\u2019ils aient \u00e9t\u00e9, c\u2019est quand l\u2019ensemble a \u00e9t\u00e9 complet, rassembl\u00e9, qu\u2019ils ont pris toute leur identit\u00e9, qu\u2019ils se sont mis \u00e0 parler vraiment. Quand je les ai \u00e9crits et prolong\u00e9s.<\/p>\n","protected":false},"excerpt":{"rendered":"<p>Une ann\u00e9e, j\u2019ai fait des r\u00eaves qui ne ressemblaient pas aux autres. Plus continus, plus \u00e9tonnants, comme si je portais en moi un cin\u00e9aste inconnu qui m\u2019invitait la nuit \u00e0 des projections priv\u00e9es int\u00e9rieures, des histoires vari\u00e9es, souvent surr\u00e9alistes mais (&hellip;)<\/p>\n<p><a href=\"https:\/\/www.angle-vivant.net\/claireceira\/une-annee-de-nuits\/\">Read the rest of this entry &raquo;<\/a><\/p>\n","protected":false},"author":1,"featured_media":0,"comment_status":"open","ping_status":"closed","sticky":false,"template":"","format":"standard","meta":{"footnotes":""},"categories":[16],"tags":[],"class_list":["post-1760","post","type-post","status-publish","format-standard","hentry","category-reves"],"_links":{"self":[{"href":"https:\/\/www.angle-vivant.net\/claireceira\/wp-json\/wp\/v2\/posts\/1760","targetHints":{"allow":["GET"]}}],"collection":[{"href":"https:\/\/www.angle-vivant.net\/claireceira\/wp-json\/wp\/v2\/posts"}],"about":[{"href":"https:\/\/www.angle-vivant.net\/claireceira\/wp-json\/wp\/v2\/types\/post"}],"author":[{"embeddable":true,"href":"https:\/\/www.angle-vivant.net\/claireceira\/wp-json\/wp\/v2\/users\/1"}],"replies":[{"embeddable":true,"href":"https:\/\/www.angle-vivant.net\/claireceira\/wp-json\/wp\/v2\/comments?post=1760"}],"version-history":[{"count":3,"href":"https:\/\/www.angle-vivant.net\/claireceira\/wp-json\/wp\/v2\/posts\/1760\/revisions"}],"predecessor-version":[{"id":2479,"href":"https:\/\/www.angle-vivant.net\/claireceira\/wp-json\/wp\/v2\/posts\/1760\/revisions\/2479"}],"wp:attachment":[{"href":"https:\/\/www.angle-vivant.net\/claireceira\/wp-json\/wp\/v2\/media?parent=1760"}],"wp:term":[{"taxonomy":"category","embeddable":true,"href":"https:\/\/www.angle-vivant.net\/claireceira\/wp-json\/wp\/v2\/categories?post=1760"},{"taxonomy":"post_tag","embeddable":true,"href":"https:\/\/www.angle-vivant.net\/claireceira\/wp-json\/wp\/v2\/tags?post=1760"}],"curies":[{"name":"wp","href":"https:\/\/api.w.org\/{rel}","templated":true}]}}