{"id":17,"date":"2010-05-19T20:23:00","date_gmt":"2010-05-19T20:23:00","guid":{"rendered":"https:\/\/www.angle-vivant.net\/claireceira\/?p=17"},"modified":"2017-01-28T10:24:51","modified_gmt":"2017-01-28T10:24:51","slug":"point-de-nuit","status":"publish","type":"post","link":"https:\/\/www.angle-vivant.net\/claireceira\/point-de-nuit\/","title":{"rendered":"point de nuit"},"content":{"rendered":"<p><img loading=\"lazy\" decoding=\"async\" alt=\"\" src=\"http:\/\/farm3.staticflickr.com\/2622\/4094624181_93f4224ae8.jpg\" class=\"alignnone\" width=\"500\" height=\"476\" \/><\/p>\n<p>\u00e9crire,<br \/>\ncomme si le bateau s\u2019\u00e9tait mis en marche le long du quai dans la nuit<br \/>\net que j\u2019\u00e9tais occup\u00e9e pendant ce d\u00e9part.<\/p>\n<p>quand j\u2019ai pu me rendre sur le pont sup\u00e9rieur<br \/>\nla nuit avait d\u00e9j\u00e0 tout rempli<br \/>\nceux du quai l\u2019avaient d\u00e9j\u00e0 quitt\u00e9, rejoint leurs maisons<br \/>\nalors j&rsquo;ai commenc\u00e9 \u00e0 leur parler<br \/>\ndu bord de la s\u00e9paration<br \/>\ns\u2019\u00e9largissant.<\/p>\n<p>je crois que j\u2019ai toujours vu le motif<br \/>\npendant que se d\u00e9roulait l\u2019histoire :<br \/>\ntrame de ce qui arrive et cha\u00eene de ce qui n\u2019arrivera pas.<br \/>\nune tapisserie d\u00e9di\u00e9e au r\u00eave, \u00e0 l\u2019\u00e9ternit\u00e9 friable et vivace<br \/>\n&#8211; et aucun doute. <\/p>\n<p>je savais que c\u2019\u00e9tait l\u2019espace<br \/>\ndu pays \u00e9tranger du d\u00e9sir&#8230;que rien ne serait vrai. <\/p>\n<p>mon corps parlait (pour lui-m\u00eame) \u00e0 sa fa\u00e7on devant moi<br \/>\nqui pourtant suis sa propri\u00e9taire, son habitante<br \/>\net m\u00eame qui SUIS LUI.<\/p>\n<p>il r\u00e9v\u00e9lait la beaut\u00e9 d\u2019un corps absent<br \/>\ncette <em>poign\u00e9e <\/em>:<br \/>\nun corps masculin.<\/p>\n<p>ce que je ne peux \u00eatre, ni saisir<br \/>\net devant lequel s\u2019arr\u00eate<br \/>\nce qui me quitte en ce moment m\u00eame.<\/p>\n<p><em>(illustration : une encre de zhou gang)<\/em><\/p>\n","protected":false},"excerpt":{"rendered":"<p>\u00e9crire, comme si le bateau s\u2019\u00e9tait mis en marche le long du quai dans la nuit et que j\u2019\u00e9tais occup\u00e9e pendant ce d\u00e9part. quand j\u2019ai pu me rendre sur le pont sup\u00e9rieur la nuit avait d\u00e9j\u00e0 tout rempli ceux du (&hellip;)<\/p>\n<p><a href=\"https:\/\/www.angle-vivant.net\/claireceira\/point-de-nuit\/\">Read the rest of this entry &raquo;<\/a><\/p>\n","protected":false},"author":1,"featured_media":0,"comment_status":"open","ping_status":"open","sticky":false,"template":"","format":"standard","meta":{"footnotes":""},"categories":[1],"tags":[],"class_list":["post-17","post","type-post","status-publish","format-standard","hentry","category-non-classe"],"_links":{"self":[{"href":"https:\/\/www.angle-vivant.net\/claireceira\/wp-json\/wp\/v2\/posts\/17","targetHints":{"allow":["GET"]}}],"collection":[{"href":"https:\/\/www.angle-vivant.net\/claireceira\/wp-json\/wp\/v2\/posts"}],"about":[{"href":"https:\/\/www.angle-vivant.net\/claireceira\/wp-json\/wp\/v2\/types\/post"}],"author":[{"embeddable":true,"href":"https:\/\/www.angle-vivant.net\/claireceira\/wp-json\/wp\/v2\/users\/1"}],"replies":[{"embeddable":true,"href":"https:\/\/www.angle-vivant.net\/claireceira\/wp-json\/wp\/v2\/comments?post=17"}],"version-history":[{"count":11,"href":"https:\/\/www.angle-vivant.net\/claireceira\/wp-json\/wp\/v2\/posts\/17\/revisions"}],"predecessor-version":[{"id":2764,"href":"https:\/\/www.angle-vivant.net\/claireceira\/wp-json\/wp\/v2\/posts\/17\/revisions\/2764"}],"wp:attachment":[{"href":"https:\/\/www.angle-vivant.net\/claireceira\/wp-json\/wp\/v2\/media?parent=17"}],"wp:term":[{"taxonomy":"category","embeddable":true,"href":"https:\/\/www.angle-vivant.net\/claireceira\/wp-json\/wp\/v2\/categories?post=17"},{"taxonomy":"post_tag","embeddable":true,"href":"https:\/\/www.angle-vivant.net\/claireceira\/wp-json\/wp\/v2\/tags?post=17"}],"curies":[{"name":"wp","href":"https:\/\/api.w.org\/{rel}","templated":true}]}}