{"id":1685,"date":"2015-08-25T15:55:38","date_gmt":"2015-08-25T15:55:38","guid":{"rendered":"https:\/\/www.angle-vivant.net\/claireceira\/?p=1685"},"modified":"2018-10-27T15:40:35","modified_gmt":"2018-10-27T15:40:35","slug":"autoportraits","status":"publish","type":"post","link":"https:\/\/www.angle-vivant.net\/claireceira\/autoportraits\/","title":{"rendered":"(moi)"},"content":{"rendered":"<p><strong><em>1<\/strong><\/em><\/p>\n<p>apr\u00e8s une journ\u00e9e pass\u00e9e seule<br \/>\nquelque chose se raccorde<br \/>\nretrouve l&rsquo;enfant de soi<br \/>\nl&rsquo;enfant de la voix de la<br \/>\nseule solitude <\/p>\n<p>toujours dans cet espace blanc, si grand<br \/>\ncomme une pause<br \/>\nample et sans \u00e9cho, un coton de nouveau-n\u00e9.<br \/>\nlaisser de l\u2019autre c\u00f4t\u00e9 de la baie le croissant de lune<br \/>\nla table de mosa\u00efque froide et le vent<br \/>\nalentour.<\/p>\n<p>.<\/p>\n<p><strong><em>2<\/em><\/strong><\/p>\n<p>le pass\u00e9 s\u2019\u00e9loigne et se d\u00e9vitalise.<br \/>\non doute de lui, c\u2019est comme un roman lu il y a longtemps<br \/>\ndont on a oubli\u00e9 la fin.<br \/>\nl\u2019avenir met son curseur pas tr\u00e8s loin du bout de la r\u00e8gle,<br \/>\nc\u2019est avec le pr\u00e9sent qu&rsquo;on a \u00e0 faire.<\/p>\n<p>comme \u00eatre un animal bien pr\u00e9cis,<br \/>\nune chatte borgne qui aime se tenir<br \/>\nsur un muret ombrag\u00e9 \u00e0 l\u2019affut de tout ce qui passe,<br \/>\nou une vache au pr\u00e9 dont l\u2019oreille porte un num\u00e9ro en plastique.<\/p>\n<p>se dire qu&rsquo;aucun autre corps n\u2019est<br \/>\nce corps-l\u00e0.<\/p>\n<p>.<\/p>\n<p><strong><em>3<br \/>\n<\/em><\/strong><\/p>\n<p>une g\u00e9ode. autour, le monde immense dans lequel elle est prise, ench\u00e2ss\u00e9e, un monde en mouvement de roches m\u00e9tamorphiques, plein de beaut\u00e9s et de menaces, plein de choses inconnues, d\u2019infinit\u00e9s de fa\u00e7on de les voir, de les d\u00e9crire, un monde qui peut-\u00eatre est entr\u00e9 dans une catastrophe ou s\u2019hypnotise sur elle. une impression d\u2019acc\u00e9l\u00e9ration vraie ou fausse, de chagrin impuissant, d\u2019effroi, de joie fausse, de faux plaisirs.<br \/>\nmais aussi d\u2019un \u00e9ternel bouillonnement, recommencement.<br \/>\nplus pr\u00e8s du centre, entourant le noyau et la cavit\u00e9 centrale, comme la chair d\u2019une p\u00eache : les proches, les autres, les actes, la vie diurne. On doit penser \u00e0 pas mal de choses, ne rien oublier, et comme c\u2019est facile finalement, cette pr\u00e9occupation toujours renouvel\u00e9e, cet oubli de soi. La chair du fruit c\u2019est en tout cas ce qui est vivable, palpable, visible, aimable, ce qui a un sens \u00e9vident. peut-\u00eatre la seule chose qui devrait vraiment compter.<br \/>\nmais il y a aussi un noyau, brun et r\u00e2peux, presque noir. quelque chose de coupable et de manquant, une honte de soi qui vous saisit au r\u00e9veil, une g\u00e9ode, oui. triste et souvent mauvaise avec au centre, dans une larme de liquide, un embryon qui voudrait na\u00eetre, qu\u2019on aime. <\/p>\n<p>.<\/p>\n<p><strong><em>4<\/em><\/strong><\/p>\n<p>En train, sur une assez longue dur\u00e9e, une sorte de zone industrielle avec ces \u00e9normes b\u00e2timents pr\u00e9fabriqu\u00e9s qui se ressemblent, les gazons cern\u00e9s de bordures de ciments, les sigles, les drapeaux qui pendent aux m\u00e2ts. Quelqu\u2019un est venu taguer ces grands murs de t\u00f4le, d\u2019\u00e9normes lettres molles pas tr\u00e8s belles, un travail sans inspiration o\u00f9 il s\u2019agit surtout de laisser sa trace, et c\u2019est fait avec beaucoup de pers\u00e9v\u00e9rance car il y en a sur au moins un kilom\u00e8tre. La peinture employ\u00e9e est en partie argent\u00e9e, qui reluit et brille dans la lumi\u00e8re att\u00e9nu\u00e9e et presque horizontale. Du coup c\u2019est beau, surtout que les feuilles des peupliers tout autour luisent de la m\u00eame mani\u00e8re en s\u2019agitant dans le vent. Le train passe, on arrive \u00e0 Toulouse bient\u00f4t, on a quitt\u00e9 la v\u00e9g\u00e9tation m\u00e9diterran\u00e9enne pour une \u00e9paisseur plus verte d\u2019arbres et de talus o\u00f9 les mauvaises herbes dressent de grandes hampes. Bient\u00f4t elle vont grainer. Je reviens chez moi. <\/p>\n","protected":false},"excerpt":{"rendered":"<p>1 apr\u00e8s une journ\u00e9e pass\u00e9e seule quelque chose se raccorde retrouve l&rsquo;enfant de soi l&rsquo;enfant de la voix de la seule solitude toujours dans cet espace blanc, si grand comme une pause ample et sans \u00e9cho, un coton de nouveau-n\u00e9. (&hellip;)<\/p>\n<p><a href=\"https:\/\/www.angle-vivant.net\/claireceira\/autoportraits\/\">Read the rest of this entry &raquo;<\/a><\/p>\n","protected":false},"author":1,"featured_media":0,"comment_status":"open","ping_status":"closed","sticky":false,"template":"","format":"standard","meta":{"footnotes":""},"categories":[23],"tags":[],"class_list":["post-1685","post","type-post","status-publish","format-standard","hentry","category-etre-seul-etre-ensemble"],"_links":{"self":[{"href":"https:\/\/www.angle-vivant.net\/claireceira\/wp-json\/wp\/v2\/posts\/1685","targetHints":{"allow":["GET"]}}],"collection":[{"href":"https:\/\/www.angle-vivant.net\/claireceira\/wp-json\/wp\/v2\/posts"}],"about":[{"href":"https:\/\/www.angle-vivant.net\/claireceira\/wp-json\/wp\/v2\/types\/post"}],"author":[{"embeddable":true,"href":"https:\/\/www.angle-vivant.net\/claireceira\/wp-json\/wp\/v2\/users\/1"}],"replies":[{"embeddable":true,"href":"https:\/\/www.angle-vivant.net\/claireceira\/wp-json\/wp\/v2\/comments?post=1685"}],"version-history":[{"count":44,"href":"https:\/\/www.angle-vivant.net\/claireceira\/wp-json\/wp\/v2\/posts\/1685\/revisions"}],"predecessor-version":[{"id":3189,"href":"https:\/\/www.angle-vivant.net\/claireceira\/wp-json\/wp\/v2\/posts\/1685\/revisions\/3189"}],"wp:attachment":[{"href":"https:\/\/www.angle-vivant.net\/claireceira\/wp-json\/wp\/v2\/media?parent=1685"}],"wp:term":[{"taxonomy":"category","embeddable":true,"href":"https:\/\/www.angle-vivant.net\/claireceira\/wp-json\/wp\/v2\/categories?post=1685"},{"taxonomy":"post_tag","embeddable":true,"href":"https:\/\/www.angle-vivant.net\/claireceira\/wp-json\/wp\/v2\/tags?post=1685"}],"curies":[{"name":"wp","href":"https:\/\/api.w.org\/{rel}","templated":true}]}}