{"id":1672,"date":"2015-07-07T15:20:11","date_gmt":"2015-07-07T15:20:11","guid":{"rendered":"https:\/\/www.angle-vivant.net\/claireceira\/?p=1672"},"modified":"2019-01-02T16:35:32","modified_gmt":"2019-01-02T16:35:32","slug":"matieres-premieres","status":"publish","type":"post","link":"https:\/\/www.angle-vivant.net\/claireceira\/matieres-premieres\/","title":{"rendered":"mati\u00e8res premi\u00e8res (r)"},"content":{"rendered":"<p>\u00e9trangement<br \/>\nappuy\u00e9 sur le plus d\u00e9sincarn\u00e9 :<br \/>\nsignes blancs sur fond bleu<br \/>\nsignes noirs sur fond blanc<br \/>\ntraces, souvenirs de mouvements des doigts<\/p>\n<p>\u00e9manations d\u2019esprits silencieux<br \/>\nrompus<br \/>\ndepuis longtemps \u00e0 l\u2019exercice, \u00e0<br \/>\nla souplesse de la sortie de soi.<\/p>\n<p>tract\u00e9 par la beaut\u00e9<br \/>\ncomme la basse plume d\u2019un ange<\/p>\n<p>on trouvait d\u2019abord le corps<br \/>\nle sien travers\u00e9 d\u2019\u00e9chos souterrains<br \/>\n&#8211; envahi ou soulev\u00e9 ou d\u00e9cal\u00e9 ou travers\u00e9 &#8211;<br \/>\ncelui de l\u2019autre devin\u00e9<br \/>\navec presque autant de pr\u00e9cision<br \/>\n(semblait-il parfois)<br \/>\nque si on avait la main pos\u00e9e sur lui.<\/p>\n","protected":false},"excerpt":{"rendered":"<p>\u00e9trangement appuy\u00e9 sur le plus d\u00e9sincarn\u00e9 : signes blancs sur fond bleu signes noirs sur fond blanc traces, souvenirs de mouvements des doigts \u00e9manations d\u2019esprits silencieux rompus depuis longtemps \u00e0 l\u2019exercice, \u00e0 la souplesse de la sortie de soi. tract\u00e9 (&hellip;)<\/p>\n<p><a href=\"https:\/\/www.angle-vivant.net\/claireceira\/matieres-premieres\/\">Read the rest of this entry &raquo;<\/a><\/p>\n","protected":false},"author":1,"featured_media":0,"comment_status":"open","ping_status":"closed","sticky":false,"template":"","format":"standard","meta":{"footnotes":""},"categories":[23],"tags":[],"class_list":["post-1672","post","type-post","status-publish","format-standard","hentry","category-etre-seul-etre-ensemble"],"_links":{"self":[{"href":"https:\/\/www.angle-vivant.net\/claireceira\/wp-json\/wp\/v2\/posts\/1672","targetHints":{"allow":["GET"]}}],"collection":[{"href":"https:\/\/www.angle-vivant.net\/claireceira\/wp-json\/wp\/v2\/posts"}],"about":[{"href":"https:\/\/www.angle-vivant.net\/claireceira\/wp-json\/wp\/v2\/types\/post"}],"author":[{"embeddable":true,"href":"https:\/\/www.angle-vivant.net\/claireceira\/wp-json\/wp\/v2\/users\/1"}],"replies":[{"embeddable":true,"href":"https:\/\/www.angle-vivant.net\/claireceira\/wp-json\/wp\/v2\/comments?post=1672"}],"version-history":[{"count":2,"href":"https:\/\/www.angle-vivant.net\/claireceira\/wp-json\/wp\/v2\/posts\/1672\/revisions"}],"predecessor-version":[{"id":1894,"href":"https:\/\/www.angle-vivant.net\/claireceira\/wp-json\/wp\/v2\/posts\/1672\/revisions\/1894"}],"wp:attachment":[{"href":"https:\/\/www.angle-vivant.net\/claireceira\/wp-json\/wp\/v2\/media?parent=1672"}],"wp:term":[{"taxonomy":"category","embeddable":true,"href":"https:\/\/www.angle-vivant.net\/claireceira\/wp-json\/wp\/v2\/categories?post=1672"},{"taxonomy":"post_tag","embeddable":true,"href":"https:\/\/www.angle-vivant.net\/claireceira\/wp-json\/wp\/v2\/tags?post=1672"}],"curies":[{"name":"wp","href":"https:\/\/api.w.org\/{rel}","templated":true}]}}