{"id":1665,"date":"2015-07-06T21:04:05","date_gmt":"2015-07-06T21:04:05","guid":{"rendered":"https:\/\/www.angle-vivant.net\/claireceira\/?p=1665"},"modified":"2016-09-16T16:03:10","modified_gmt":"2016-09-16T16:03:10","slug":"la-voie-negative","status":"publish","type":"post","link":"https:\/\/www.angle-vivant.net\/claireceira\/la-voie-negative\/","title":{"rendered":"\u00e9t\u00e9"},"content":{"rendered":"<p>quand il fait tr\u00e8s chaud, le buisson se penche autrement<br \/>\nsur le bord de ton chemin.<br \/>\ncomme s\u2019il se renversait, se renfermait dans son ombre, plus dense, brune<br \/>\ncontre l\u2019\u00e9clat, la duret\u00e9 de ce monde.<br \/>\ntu sens l\u2019envahissement du corps,<br \/>\ncette eau haletante<br \/>\net le sol para\u00eet un socle pos\u00e9 sur un autre espace. <\/p>\n<p>espions de la r\u00e9alit\u00e9, pas tout \u00e0 fait dupes<br \/>\nnous y \u00e9tions toujours en chemin.<\/p>\n<p>&#8230;<\/p>\n<p>quels codes avions-nous pour dire<br \/>\nce qui se passait vraiment ? la sympathie des encres, leurs nuages<br \/>\nc\u2019\u00e9tait toujours \u00e0 reprendre, mais toujours l\u00e0 au bord d\u2019une disparition.<br \/>\nje vais, je vais dans un exc\u00e8s de lumi\u00e8re<br \/>\nles cigales remplissent l\u2019air des hachures serr\u00e9es de leurs cris<br \/>\nje ne vois plus rien derri\u00e8re les troncs tourment\u00e9s.<\/p>\n","protected":false},"excerpt":{"rendered":"<p>quand il fait tr\u00e8s chaud, le buisson se penche autrement sur le bord de ton chemin. comme s\u2019il se renversait, se renfermait dans son ombre, plus dense, brune contre l\u2019\u00e9clat, la duret\u00e9 de ce monde. tu sens l\u2019envahissement du corps, (&hellip;)<\/p>\n<p><a href=\"https:\/\/www.angle-vivant.net\/claireceira\/la-voie-negative\/\">Read the rest of this entry &raquo;<\/a><\/p>\n","protected":false},"author":1,"featured_media":0,"comment_status":"open","ping_status":"closed","sticky":false,"template":"","format":"standard","meta":{"footnotes":""},"categories":[22],"tags":[],"class_list":["post-1665","post","type-post","status-publish","format-standard","hentry","category-la-voie-associative"],"_links":{"self":[{"href":"https:\/\/www.angle-vivant.net\/claireceira\/wp-json\/wp\/v2\/posts\/1665","targetHints":{"allow":["GET"]}}],"collection":[{"href":"https:\/\/www.angle-vivant.net\/claireceira\/wp-json\/wp\/v2\/posts"}],"about":[{"href":"https:\/\/www.angle-vivant.net\/claireceira\/wp-json\/wp\/v2\/types\/post"}],"author":[{"embeddable":true,"href":"https:\/\/www.angle-vivant.net\/claireceira\/wp-json\/wp\/v2\/users\/1"}],"replies":[{"embeddable":true,"href":"https:\/\/www.angle-vivant.net\/claireceira\/wp-json\/wp\/v2\/comments?post=1665"}],"version-history":[{"count":6,"href":"https:\/\/www.angle-vivant.net\/claireceira\/wp-json\/wp\/v2\/posts\/1665\/revisions"}],"predecessor-version":[{"id":2257,"href":"https:\/\/www.angle-vivant.net\/claireceira\/wp-json\/wp\/v2\/posts\/1665\/revisions\/2257"}],"wp:attachment":[{"href":"https:\/\/www.angle-vivant.net\/claireceira\/wp-json\/wp\/v2\/media?parent=1665"}],"wp:term":[{"taxonomy":"category","embeddable":true,"href":"https:\/\/www.angle-vivant.net\/claireceira\/wp-json\/wp\/v2\/categories?post=1665"},{"taxonomy":"post_tag","embeddable":true,"href":"https:\/\/www.angle-vivant.net\/claireceira\/wp-json\/wp\/v2\/tags?post=1665"}],"curies":[{"name":"wp","href":"https:\/\/api.w.org\/{rel}","templated":true}]}}