{"id":1656,"date":"2015-06-23T07:52:21","date_gmt":"2015-06-23T07:52:21","guid":{"rendered":"https:\/\/www.angle-vivant.net\/claireceira\/?p=1656"},"modified":"2017-01-22T11:17:42","modified_gmt":"2017-01-22T11:17:42","slug":"solitudes-autrement","status":"publish","type":"post","link":"https:\/\/www.angle-vivant.net\/claireceira\/solitudes-autrement\/","title":{"rendered":"solitudes (autrement)"},"content":{"rendered":"<p>J\u2019ai pris un livre \u00e0 la biblioth\u00e8que, il s\u2019appelle \u00ab solitudes \u00bb. Beaucoup de photos en noir et blanc, quelques textes. La solitude que montre ces images est dure le plus souvent, mais parfois c\u2019est celle du p\u00eacheur \u00e0 la ligne au bout d\u2019un quai, parfois celle d\u2019une fillette dans une cour. Je me rends compte que ce qui est beau n\u2019est pas la silhouette humaine, ni le sentiment qui vient en la regardant.<br \/>\nLa beaut\u00e9 est dans le jeu des noirs, blancs et gris souvent flous autour d\u2019elle c\u2019est l\u00e0 qu\u2019est le sentiment. Ce mur aveugle, cern\u00e9 d\u2019un treillis de bois, o\u00f9 se dessine exactement le contour d\u2019une maison,  comme celles des dessins d\u2019enfants. Mur trop blanc pour le reste de la photo, et o\u00f9 les pluies ont laiss\u00e9 deux train\u00e9es de suie verticales. La cour devant, o\u00f9 un homme marche, ou bien ces deux branches feuillues, floues, en contrejour devant la fillette.<br \/>\nLes graviers surexpos\u00e9s autour du banc d\u2019un clochard mangeant son yaourt.<br \/>\nEt aussi la position particuli\u00e8re de certains corps sur le sol dans l\u2019espace public de la rue. Sur un banc, une vielle femme avec ses cabas. Contre les pilastres d\u2019un pont un jeune homme, allong\u00e9, accoud\u00e9 au sol.<br \/>\nAucun ne semble avoir atteint l\u2019\u00e9crasement d&rsquo;un corps presque mort, chacun semble encore penser, pensif&#8230;.<\/p>\n","protected":false},"excerpt":{"rendered":"<p>J\u2019ai pris un livre \u00e0 la biblioth\u00e8que, il s\u2019appelle \u00ab solitudes \u00bb. Beaucoup de photos en noir et blanc, quelques textes. La solitude que montre ces images est dure le plus souvent, mais parfois c\u2019est celle du p\u00eacheur \u00e0 la (&hellip;)<\/p>\n<p><a href=\"https:\/\/www.angle-vivant.net\/claireceira\/solitudes-autrement\/\">Read the rest of this entry &raquo;<\/a><\/p>\n","protected":false},"author":1,"featured_media":0,"comment_status":"open","ping_status":"closed","sticky":false,"template":"","format":"standard","meta":{"footnotes":""},"categories":[21],"tags":[],"class_list":["post-1656","post","type-post","status-publish","format-standard","hentry","category-mobilis-immobilis"],"_links":{"self":[{"href":"https:\/\/www.angle-vivant.net\/claireceira\/wp-json\/wp\/v2\/posts\/1656","targetHints":{"allow":["GET"]}}],"collection":[{"href":"https:\/\/www.angle-vivant.net\/claireceira\/wp-json\/wp\/v2\/posts"}],"about":[{"href":"https:\/\/www.angle-vivant.net\/claireceira\/wp-json\/wp\/v2\/types\/post"}],"author":[{"embeddable":true,"href":"https:\/\/www.angle-vivant.net\/claireceira\/wp-json\/wp\/v2\/users\/1"}],"replies":[{"embeddable":true,"href":"https:\/\/www.angle-vivant.net\/claireceira\/wp-json\/wp\/v2\/comments?post=1656"}],"version-history":[{"count":7,"href":"https:\/\/www.angle-vivant.net\/claireceira\/wp-json\/wp\/v2\/posts\/1656\/revisions"}],"predecessor-version":[{"id":2754,"href":"https:\/\/www.angle-vivant.net\/claireceira\/wp-json\/wp\/v2\/posts\/1656\/revisions\/2754"}],"wp:attachment":[{"href":"https:\/\/www.angle-vivant.net\/claireceira\/wp-json\/wp\/v2\/media?parent=1656"}],"wp:term":[{"taxonomy":"category","embeddable":true,"href":"https:\/\/www.angle-vivant.net\/claireceira\/wp-json\/wp\/v2\/categories?post=1656"},{"taxonomy":"post_tag","embeddable":true,"href":"https:\/\/www.angle-vivant.net\/claireceira\/wp-json\/wp\/v2\/tags?post=1656"}],"curies":[{"name":"wp","href":"https:\/\/api.w.org\/{rel}","templated":true}]}}