{"id":1631,"date":"2015-06-16T15:09:58","date_gmt":"2015-06-16T15:09:58","guid":{"rendered":"https:\/\/www.angle-vivant.net\/claireceira\/?p=1631"},"modified":"2016-08-29T12:21:39","modified_gmt":"2016-08-29T12:21:39","slug":"petits-chants","status":"publish","type":"post","link":"https:\/\/www.angle-vivant.net\/claireceira\/petits-chants\/","title":{"rendered":"Petits chants"},"content":{"rendered":"<p><em><strong>1<\/strong><\/em><\/p>\n<p>Petit-d\u00e9sir est derri\u00e8re nous<br \/>\nblotti contre le dos aveugle<br \/>\nun visage de faune enfoui<br \/>\ndans l\u2019embrasure de l&rsquo;\u00e9paule<br \/>\nles yeux clos, respirant<br \/>\nau ras du muscle trap\u00e8ze.<br \/>\nPetit-d\u00e9sir appuie sa bouche<br \/>\ncontre la peau et l\u2019os sous-jacent<br \/>\nserre ses bras autour de la poitrine<br \/>\ng\u00eane &#8211; si peu &#8211; notre respiration.<\/p>\n<p>parfois on prend dans nos mains ses mains<br \/>\naux ongles fendill\u00e9s, et froids<br \/>\nmais c\u2019est notre d\u00e9sir<br \/>\n&#8211; c\u2019est nous &#8211;<br \/>\nnos mains ne tiennent rien du tout&#8230;.<br \/>\nTout est imaginaire et post\u00e9rieur, \u00e9ternel.<br \/>\nPetit-d\u00e9sir chante un air<br \/>\nqui vous prend la t\u00eate.<\/p>\n<p><strong><em>2<\/strong><\/em><\/p>\n<p>Petite-d\u00e9sire dort loin<br \/>\nou peut-\u00eatre elle a perdu la vie<br \/>\nelle court en dormant dans des territoires<br \/>\no\u00f9 elle est seule ses mains rament dans l\u2019air<br \/>\nses cheveux font une toile<br \/>\ndevant ses yeux ferm\u00e9s.<br \/>\nelle fait exactement ce qu\u2019elle veut sa voix est fine<br \/>\nelle a tu\u00e9 cruellement un escargot, un jour o\u00f9 elle \u00e9tait<br \/>\nenvahie par le myst\u00e8re sexuel.<\/p>\n<p>quand elle n\u2019est pas seule elle est soumise<br \/>\nelle ne court que dans ces territoires.<\/p>\n<p><strong><em>3<br \/>\n<\/strong><\/em><\/p>\n<p>lui et elle<br \/>\nl\u2019imbriqu\u00e9 et l\u2019exil\u00e9e, leur duo<br \/>\nune colonne d\u2019eau dans leur bassin<br \/>\nleur donne ce qu\u2019ils boivent et ce qui les baigne<br \/>\nils dorment ou parlent<br \/>\ndans la bizarre chute du jour<br \/>\nelle ne peux tarir<br \/>\nne peut cesser<br \/>\nni de se dresser ni de refl\u00e9ter le ciel.<br \/>\nverticale<br \/>\npr\u00e8s de leur union<br \/>\nhorizontale l\u00e0 o\u00f9 ils flottent toujours<\/p>\n","protected":false},"excerpt":{"rendered":"<p>1 Petit-d\u00e9sir est derri\u00e8re nous blotti contre le dos aveugle un visage de faune enfoui dans l\u2019embrasure de l&rsquo;\u00e9paule les yeux clos, respirant au ras du muscle trap\u00e8ze. Petit-d\u00e9sir appuie sa bouche contre la peau et l\u2019os sous-jacent serre ses (&hellip;)<\/p>\n<p><a href=\"https:\/\/www.angle-vivant.net\/claireceira\/petits-chants\/\">Read the rest of this entry &raquo;<\/a><\/p>\n","protected":false},"author":1,"featured_media":0,"comment_status":"open","ping_status":"closed","sticky":false,"template":"","format":"standard","meta":{"footnotes":""},"categories":[20],"tags":[],"class_list":["post-1631","post","type-post","status-publish","format-standard","hentry","category-daimon"],"_links":{"self":[{"href":"https:\/\/www.angle-vivant.net\/claireceira\/wp-json\/wp\/v2\/posts\/1631","targetHints":{"allow":["GET"]}}],"collection":[{"href":"https:\/\/www.angle-vivant.net\/claireceira\/wp-json\/wp\/v2\/posts"}],"about":[{"href":"https:\/\/www.angle-vivant.net\/claireceira\/wp-json\/wp\/v2\/types\/post"}],"author":[{"embeddable":true,"href":"https:\/\/www.angle-vivant.net\/claireceira\/wp-json\/wp\/v2\/users\/1"}],"replies":[{"embeddable":true,"href":"https:\/\/www.angle-vivant.net\/claireceira\/wp-json\/wp\/v2\/comments?post=1631"}],"version-history":[{"count":15,"href":"https:\/\/www.angle-vivant.net\/claireceira\/wp-json\/wp\/v2\/posts\/1631\/revisions"}],"predecessor-version":[{"id":1652,"href":"https:\/\/www.angle-vivant.net\/claireceira\/wp-json\/wp\/v2\/posts\/1631\/revisions\/1652"}],"wp:attachment":[{"href":"https:\/\/www.angle-vivant.net\/claireceira\/wp-json\/wp\/v2\/media?parent=1631"}],"wp:term":[{"taxonomy":"category","embeddable":true,"href":"https:\/\/www.angle-vivant.net\/claireceira\/wp-json\/wp\/v2\/categories?post=1631"},{"taxonomy":"post_tag","embeddable":true,"href":"https:\/\/www.angle-vivant.net\/claireceira\/wp-json\/wp\/v2\/tags?post=1631"}],"curies":[{"name":"wp","href":"https:\/\/api.w.org\/{rel}","templated":true}]}}