{"id":1610,"date":"2015-06-08T17:28:34","date_gmt":"2015-06-08T17:28:34","guid":{"rendered":"https:\/\/www.angle-vivant.net\/claireceira\/?p=1610"},"modified":"2017-09-12T16:16:59","modified_gmt":"2017-09-12T16:16:59","slug":"3-poemes","status":"publish","type":"post","link":"https:\/\/www.angle-vivant.net\/claireceira\/3-poemes\/","title":{"rendered":"3  po\u00e8mes"},"content":{"rendered":"<p><em><strong>1 : deux temps<br \/>\n<\/strong><\/em><\/p>\n<p>la beaut\u00e9 de la rang\u00e9e d&rsquo;arbres<br \/>\nquand on conduit avec le soleil dans le dos<br \/>\nsur une route un jour d&rsquo;automne<br \/>\nrayons rasants, troncs droits<br \/>\ntous align\u00e9s, \u00e9lev\u00e9s.<br \/>\non suit les courbes, les plateaux et les collines<br \/>\non descend dans les fonds.<br \/>\non ne peut pas \u00e9crire le po\u00e8me parce qu&rsquo;on conduit<br \/>\nles arbres luisent dans le soleil derri\u00e8re<br \/>\navec leur rectitude et leur monotonie (parce qu&rsquo;ils ont \u00e9t\u00e9 plant\u00e9s ensemble)<br \/>\nmais quand m\u00eame leur beaut\u00e9 :<br \/>\narbres, images d&rsquo;arbres sur le ciel vein\u00e9.<br \/>\nla route est grise et suit une courbe trac\u00e9e depuis des si\u00e8cles.<br \/>\nOn atteint les faubourgs, l&rsquo;hypermarch\u00e9 comme un grand corps inconscient, vibrionnant<br \/>\non descend dans la ville<br \/>\nmaisons, briques semblables aux points d&rsquo;un tricot<br \/>\non arrive en bas de la rue<br \/>\ndans la maison o\u00f9 l&rsquo;on peut \u00e9crire. <\/p>\n<p>on voyage dans le mouvement des mots.<\/p>\n<p>.<\/p>\n<p><em><strong>2 : esprit<br \/>\n<\/strong><\/em><\/p>\n<p>je progresserais,<br \/>\nles bottes depuis longtemps remplies d&rsquo;eau<br \/>\naspir\u00e9es par la boue<br \/>\nvo\u00fbte au dessus : feuilles, branches, lianes<br \/>\npluies brutales et cris &#8211; de nuit et de jour.<br \/>\nles herbes m&rsquo;auraient coup\u00e9e, br\u00fbl\u00e9e, salie de leur jus<br \/>\nenferm\u00e9e<br \/>\nm&rsquo;auraient envahie de l&rsquo;odeur de leur pourrissement.<br \/>\nanimaux grands, munis de dents, ou furtifs, petits, parasites<br \/>\nils auraient \u00e9t\u00e9 inconnus et indiff\u00e9rents<br \/>\n(se seraient gliss\u00e9s dans mes v\u00eatements, m\u00eame sous la peau<br \/>\nm&rsquo;auraient piqu\u00e9e seraient morts dans ma sueur).<\/p>\n<p>sans savoir o\u00f9 aller, o\u00f9 dormir<br \/>\n(ni le haut des arbres<br \/>\nni le sol spongieux ni aucune cabane<br \/>\nou tente ou espace sec au pied des grands arbres).<br \/>\ntitubante et avan\u00e7ante<br \/>\ntournant en rond dans la chaleur \u00e9tale, la vapeur des jour et des nuits, la pluie tombant jour et nuit.<br \/>\naucun fruit n&rsquo;\u00e9tant s\u00fbr, et les provisions r\u00e9duites.<\/p>\n<p>ainsi menac\u00e9e de mort, et perdue<\/p>\n<p>alors derri\u00e8re les arbres<br \/>\nl&rsquo;esprit saurait toujours comment s&rsquo;\u00e9lancer<br \/>\ngrimper et voler<br \/>\nl&rsquo;esprit, saurait toujours o\u00f9 je me trouve<br \/>\net la lisi\u00e8re verte &#8211; la grande route<br \/>\nqui m\u00e8ne au village de bois, au feu de fum\u00e9e.<\/p>\n<p>.<\/p>\n<p><em><strong>3 : espaces<\/strong><\/em><\/p>\n<p>sur le drap blanc du monde. sur le lit<br \/>\ndans le cadre de la fen\u00eatre. dans la plong\u00e9e de la fen\u00eatre<br \/>\nencercl\u00e9e.<br \/>\nsur le paysage.<br \/>\net dans le paysage ce mouvement<br \/>\nd&rsquo;une ligne d&rsquo;oiseaux, qui s&rsquo;en vont. <\/p>\n<p>sous mes pens\u00e9es. sous mes r\u00eaves<br \/>\nsous mes paupi\u00e8res<br \/>\ndans ma cave \u00e9teinte. dans le sens de mes r\u00eaves.<br \/>\ndans la sonnerie de mon r\u00e9veil. dans le clou du moment de mon r\u00e9veil.<br \/>\ndans la r\u00e9alit\u00e9 de la chambre. <\/p>\n<p>en haut de la rue. en haut des m\u00e2ts, vibrante<br \/>\n\u00e9lectrique comme un vent froid<br \/>\nen haut des m\u00e2ts sans drapeau<br \/>\ndans une chanson chaude. <\/p>\n<p>dans ce qui est dit. en dessous de ce qui est dit<br \/>\ndans l&rsquo;arri\u00e8re-cour<br \/>\ndans la coupole mouvante du diaphragme, quand on parle<br \/>\nsous le corps, derri\u00e8re les corps appuy\u00e9s<br \/>\ndans le volume des pi\u00e8ces. <\/p>\n<p>dans &#8211; et sous &#8211; l&rsquo;absence,<br \/>\ntoujours un peu en arri\u00e8re <\/p>\n<p>dans cette pi\u00e8ce<br \/>\n       et<br \/>\n\u00e0 travers l&rsquo;espace<br \/>\ndans cette ligne d&rsquo;oiseaux.<\/p>\n","protected":false},"excerpt":{"rendered":"<p>1 : deux temps la beaut\u00e9 de la rang\u00e9e d&rsquo;arbres quand on conduit avec le soleil dans le dos sur une route un jour d&rsquo;automne rayons rasants, troncs droits tous align\u00e9s, \u00e9lev\u00e9s. on suit les courbes, les plateaux et les (&hellip;)<\/p>\n<p><a href=\"https:\/\/www.angle-vivant.net\/claireceira\/3-poemes\/\">Read the rest of this entry &raquo;<\/a><\/p>\n","protected":false},"author":1,"featured_media":0,"comment_status":"open","ping_status":"closed","sticky":false,"template":"","format":"standard","meta":{"footnotes":""},"categories":[1],"tags":[],"class_list":["post-1610","post","type-post","status-publish","format-standard","hentry","category-non-classe"],"_links":{"self":[{"href":"https:\/\/www.angle-vivant.net\/claireceira\/wp-json\/wp\/v2\/posts\/1610","targetHints":{"allow":["GET"]}}],"collection":[{"href":"https:\/\/www.angle-vivant.net\/claireceira\/wp-json\/wp\/v2\/posts"}],"about":[{"href":"https:\/\/www.angle-vivant.net\/claireceira\/wp-json\/wp\/v2\/types\/post"}],"author":[{"embeddable":true,"href":"https:\/\/www.angle-vivant.net\/claireceira\/wp-json\/wp\/v2\/users\/1"}],"replies":[{"embeddable":true,"href":"https:\/\/www.angle-vivant.net\/claireceira\/wp-json\/wp\/v2\/comments?post=1610"}],"version-history":[{"count":19,"href":"https:\/\/www.angle-vivant.net\/claireceira\/wp-json\/wp\/v2\/posts\/1610\/revisions"}],"predecessor-version":[{"id":2964,"href":"https:\/\/www.angle-vivant.net\/claireceira\/wp-json\/wp\/v2\/posts\/1610\/revisions\/2964"}],"wp:attachment":[{"href":"https:\/\/www.angle-vivant.net\/claireceira\/wp-json\/wp\/v2\/media?parent=1610"}],"wp:term":[{"taxonomy":"category","embeddable":true,"href":"https:\/\/www.angle-vivant.net\/claireceira\/wp-json\/wp\/v2\/categories?post=1610"},{"taxonomy":"post_tag","embeddable":true,"href":"https:\/\/www.angle-vivant.net\/claireceira\/wp-json\/wp\/v2\/tags?post=1610"}],"curies":[{"name":"wp","href":"https:\/\/api.w.org\/{rel}","templated":true}]}}