{"id":1583,"date":"2015-04-14T15:50:14","date_gmt":"2015-04-14T15:50:14","guid":{"rendered":"https:\/\/www.angle-vivant.net\/claireceira\/?p=1583"},"modified":"2017-09-12T16:27:05","modified_gmt":"2017-09-12T16:27:05","slug":"apres-midi-s","status":"publish","type":"post","link":"https:\/\/www.angle-vivant.net\/claireceira\/apres-midi-s\/","title":{"rendered":"apr\u00e8s-midi (s)"},"content":{"rendered":"<p>J\u2019ai ces endroits en moi. Il me suffit de m\u2019asseoir sous un arbre ou dans la maison, sans allumer les lampes dans la chute du cr\u00e9puscule. Ces endroits sont toujours l\u00e0, tr\u00e8s loin, dans le temps et l\u2019espace. Ce sont des endroits o\u00f9 l\u2019on court, o\u00f9 l\u2019on travaille toujours ensemble. On ne parle pas tellement, les mots font un bruit de chute d\u2019eau, comme la s\u00e9rie de chutes d\u2019eau le long d\u2019un chemin de moulins, dans une petite ville italienne. On marche ou on court selon son \u00e2ge. Courir est le meilleur, pousser ses cris d\u2019enfant dans la poursuite, dans l\u2019air transparent du soir. Mais la nuit tombe, bient\u00f4t on sera dans le noir.<br \/>\n Etre enfants pour oublier tout ce qu\u2019on est, tout ce qu\u2019il faut faire. S\u2019asseoir en tailleur dans la poussi\u00e8re et se raconter des histoires de choses magiques, rire bas, dessiner. Savoir que l\u2019\u00e9t\u00e9 commence \u00e0 peine et qu\u2019il ne finira jamais, celui-l\u00e0.<\/p>\n<p> &#8230;&#8230;&#8230;&#8230;&#8230;&#8230;&#8230;&#8230;&#8230;&#8230;&#8230;&#8230;&#8230;&#8230;&#8230;<\/p>\n<p> Il y a la ligne des cheveux coup\u00e9s sur la nuque, ligne ondoyante, photographique. il y a l\u2019usine aux murs presque aveugles, le poids que c\u2019\u00e9tait s\u00fbrement d\u2019y entrer \u2013 le tunnel des aubes d\u2019hiver, glac\u00e9es.<br \/>\n il y a ce qu\u2019\u00e9tait la musique classique quand j\u2019apprenais, si mal, le piano.<br \/>\n il y a les arbres de jud\u00e9e maintenant : juste avant l\u2019\u00e9closion compl\u00e8te, leur mouvement et leur couleur contre le ciel bleu, en lignes de perles grenat. tout le long de la rue qui monte, on les voit. et ce jardin o\u00f9 la petite maison bizarre tend ses d\u00e9corations de fa\u00efences, vertes, jaunes, rouges. il y a la grille qui entoure le jardin. je passe devant tous les jours.<br \/>\nen arri\u00e8re-plan d\u2019autres choses r\u00e9elles, comme une marche.<br \/>\ntes yeux faits pour ce qui n\u2019est pas en face de toi, surtout les visages, d\u2019autant plus que ta bouche aujourd&rsquo;hui se tait. tu es comme un serpent sage, qui vit et meurt autour des pierres. qui prend dans le froid un droit pour se reposer. qui est difficile \u00e0 voir. <\/p>\n","protected":false},"excerpt":{"rendered":"<p>J\u2019ai ces endroits en moi. Il me suffit de m\u2019asseoir sous un arbre ou dans la maison, sans allumer les lampes dans la chute du cr\u00e9puscule. Ces endroits sont toujours l\u00e0, tr\u00e8s loin, dans le temps et l\u2019espace. Ce sont (&hellip;)<\/p>\n<p><a href=\"https:\/\/www.angle-vivant.net\/claireceira\/apres-midi-s\/\">Read the rest of this entry &raquo;<\/a><\/p>\n","protected":false},"author":1,"featured_media":0,"comment_status":"open","ping_status":"closed","sticky":false,"template":"","format":"standard","meta":{"footnotes":""},"categories":[22,1],"tags":[],"class_list":["post-1583","post","type-post","status-publish","format-standard","hentry","category-la-voie-associative","category-non-classe"],"_links":{"self":[{"href":"https:\/\/www.angle-vivant.net\/claireceira\/wp-json\/wp\/v2\/posts\/1583","targetHints":{"allow":["GET"]}}],"collection":[{"href":"https:\/\/www.angle-vivant.net\/claireceira\/wp-json\/wp\/v2\/posts"}],"about":[{"href":"https:\/\/www.angle-vivant.net\/claireceira\/wp-json\/wp\/v2\/types\/post"}],"author":[{"embeddable":true,"href":"https:\/\/www.angle-vivant.net\/claireceira\/wp-json\/wp\/v2\/users\/1"}],"replies":[{"embeddable":true,"href":"https:\/\/www.angle-vivant.net\/claireceira\/wp-json\/wp\/v2\/comments?post=1583"}],"version-history":[{"count":8,"href":"https:\/\/www.angle-vivant.net\/claireceira\/wp-json\/wp\/v2\/posts\/1583\/revisions"}],"predecessor-version":[{"id":2967,"href":"https:\/\/www.angle-vivant.net\/claireceira\/wp-json\/wp\/v2\/posts\/1583\/revisions\/2967"}],"wp:attachment":[{"href":"https:\/\/www.angle-vivant.net\/claireceira\/wp-json\/wp\/v2\/media?parent=1583"}],"wp:term":[{"taxonomy":"category","embeddable":true,"href":"https:\/\/www.angle-vivant.net\/claireceira\/wp-json\/wp\/v2\/categories?post=1583"},{"taxonomy":"post_tag","embeddable":true,"href":"https:\/\/www.angle-vivant.net\/claireceira\/wp-json\/wp\/v2\/tags?post=1583"}],"curies":[{"name":"wp","href":"https:\/\/api.w.org\/{rel}","templated":true}]}}