{"id":1577,"date":"2015-04-03T10:37:48","date_gmt":"2015-04-03T10:37:48","guid":{"rendered":"https:\/\/www.angle-vivant.net\/claireceira\/?p=1577"},"modified":"2018-10-27T15:44:15","modified_gmt":"2018-10-27T15:44:15","slug":"tao","status":"publish","type":"post","link":"https:\/\/www.angle-vivant.net\/claireceira\/tao\/","title":{"rendered":"tao"},"content":{"rendered":"<p><em>L&rsquo;esprit de la vall\u00e9e ne meurt pas ; on l&rsquo;appelle le f\u00e9minin secret.<br \/>\n La porte du f\u00e9minin secret s&rsquo;appelle la racine du ciel et de la terre. Il est \u00e9ternel ; il est bien r\u00e9el. Si l&rsquo;on en fait usage, on n&rsquo;\u00e9prouve aucune fatigue.<br \/>\n(Laozi &#8211; Tao te king, livre I, 6) <\/em><\/p>\n<p>.<\/p>\n<p>aimer quelqu\u2019un c\u2019est tellement particulier<br \/>\nle centre de cette \u00e9motion, qui se soul\u00e8ve quand on le voit<br \/>\ncomme une aile juste au-dessus de l\u2019eau<br \/>\nqui ressemble \u00e0 la piti\u00e9 qu\u2019on a pour soi enfant<br \/>\nqui ressemble aux territoires perdus<br \/>\n\u00e0 ce qu\u2019on n\u2019arrive pas \u00e0 dire<br \/>\nqui va, en soi, et soudain se l\u00e8ve<br \/>\npetit soleil particulier invisible.<\/p>\n<p>aimer quelqu\u2019un ne mourra pas<br \/>\nni quand on mourra ni quand il mourra<br \/>\nc\u2019est un signe, ce n\u2019est pas un \u00eatre&#8230;.c\u2019est une virgule,<br \/>\n\u00e7a n&rsquo;a pas de fin.<\/p>\n","protected":false},"excerpt":{"rendered":"<p>L&rsquo;esprit de la vall\u00e9e ne meurt pas ; on l&rsquo;appelle le f\u00e9minin secret. La porte du f\u00e9minin secret s&rsquo;appelle la racine du ciel et de la terre. Il est \u00e9ternel ; il est bien r\u00e9el. Si l&rsquo;on en fait usage, (&hellip;)<\/p>\n<p><a href=\"https:\/\/www.angle-vivant.net\/claireceira\/tao\/\">Read the rest of this entry &raquo;<\/a><\/p>\n","protected":false},"author":1,"featured_media":0,"comment_status":"open","ping_status":"closed","sticky":false,"template":"","format":"standard","meta":{"footnotes":""},"categories":[23,21],"tags":[],"class_list":["post-1577","post","type-post","status-publish","format-standard","hentry","category-etre-seul-etre-ensemble","category-mobilis-immobilis"],"_links":{"self":[{"href":"https:\/\/www.angle-vivant.net\/claireceira\/wp-json\/wp\/v2\/posts\/1577","targetHints":{"allow":["GET"]}}],"collection":[{"href":"https:\/\/www.angle-vivant.net\/claireceira\/wp-json\/wp\/v2\/posts"}],"about":[{"href":"https:\/\/www.angle-vivant.net\/claireceira\/wp-json\/wp\/v2\/types\/post"}],"author":[{"embeddable":true,"href":"https:\/\/www.angle-vivant.net\/claireceira\/wp-json\/wp\/v2\/users\/1"}],"replies":[{"embeddable":true,"href":"https:\/\/www.angle-vivant.net\/claireceira\/wp-json\/wp\/v2\/comments?post=1577"}],"version-history":[{"count":9,"href":"https:\/\/www.angle-vivant.net\/claireceira\/wp-json\/wp\/v2\/posts\/1577\/revisions"}],"predecessor-version":[{"id":2201,"href":"https:\/\/www.angle-vivant.net\/claireceira\/wp-json\/wp\/v2\/posts\/1577\/revisions\/2201"}],"wp:attachment":[{"href":"https:\/\/www.angle-vivant.net\/claireceira\/wp-json\/wp\/v2\/media?parent=1577"}],"wp:term":[{"taxonomy":"category","embeddable":true,"href":"https:\/\/www.angle-vivant.net\/claireceira\/wp-json\/wp\/v2\/categories?post=1577"},{"taxonomy":"post_tag","embeddable":true,"href":"https:\/\/www.angle-vivant.net\/claireceira\/wp-json\/wp\/v2\/tags?post=1577"}],"curies":[{"name":"wp","href":"https:\/\/api.w.org\/{rel}","templated":true}]}}