{"id":1568,"date":"2015-04-01T10:33:25","date_gmt":"2015-04-01T10:33:25","guid":{"rendered":"https:\/\/www.angle-vivant.net\/claireceira\/?p=1568"},"modified":"2018-10-27T15:51:43","modified_gmt":"2018-10-27T15:51:43","slug":"berceuse","status":"publish","type":"post","link":"https:\/\/www.angle-vivant.net\/claireceira\/berceuse\/","title":{"rendered":"le Christ Voil\u00e9"},"content":{"rendered":"<p>1 <\/p>\n<p>le Christ Voil\u00e9, comme un homme, dort sur le dos<br \/>\nil a pos\u00e9 une main sur le tapis et l&rsquo;autre sur son flanc<br \/>\nil a tir\u00e9 le drap sur son propre visage<br \/>\npour doubler la protection des paupi\u00e8res, et repose<br \/>\ndans le frais du marbre.<br \/>\nainsi es-tu parce que tu n&rsquo;es pas moi<br \/>\nque je ne sais rien de l&rsquo;int\u00e9rieur de ton sommeil<br \/>\nma pens\u00e9e glisse sur le drap et le relief de ton corps<br \/>\ncomme la derni\u00e8re touche du soleil couchant<br \/>\ndorait tout \u00e0 l&rsquo;heure<br \/>\nle haut de la casemate sur le mont Caumes. <\/p>\n<p>2<\/p>\n<p>je tournais autour de lui et je voyais que la beaut\u00e9 \u00e9tait un baume<br \/>\n\u00e9tendu dans la lumi\u00e8re \u00e9gale de la mort<br \/>\nle fluide de la derni\u00e8re abeille<br \/>\nqui tout en haut heurte la vitre.<br \/>\nje tournais sur le carrelage de marbre fendill\u00e9<br \/>\n&#8211; l&rsquo;espace du r\u00eave<br \/>\navait enti\u00e8rement englouti le dormeur blanc<br \/>\nmais son enveloppe \u00e9tait l\u00e0<br \/>\nexprim\u00e9e dans la pierre,<br \/>\ntransparente comme une mue de cigale. <\/p>\n<p>3<\/p>\n<p>juste \u00e0 c\u00f4t\u00e9 il y a cette tr\u00e8s belle femme<br \/>\nnue ou plut\u00f4t \u00e0 peine voil\u00e9e<br \/>\nqui s\u2019appelle \u00ab La Pudeur \u00bb : un portrait imaginaire de sa m\u00e8re<br \/>\n&#8211; morte \u00e0 sa naissance \u2013<br \/>\nqu\u2019a figur\u00e9e le sculpteur. <\/p>\n","protected":false},"excerpt":{"rendered":"<p>1 le Christ Voil\u00e9, comme un homme, dort sur le dos il a pos\u00e9 une main sur le tapis et l&rsquo;autre sur son flanc il a tir\u00e9 le drap sur son propre visage pour doubler la protection des paupi\u00e8res, et (&hellip;)<\/p>\n<p><a href=\"https:\/\/www.angle-vivant.net\/claireceira\/berceuse\/\">Read the rest of this entry &raquo;<\/a><\/p>\n","protected":false},"author":1,"featured_media":0,"comment_status":"open","ping_status":"closed","sticky":false,"template":"","format":"standard","meta":{"footnotes":""},"categories":[1],"tags":[],"class_list":["post-1568","post","type-post","status-publish","format-standard","hentry","category-non-classe"],"_links":{"self":[{"href":"https:\/\/www.angle-vivant.net\/claireceira\/wp-json\/wp\/v2\/posts\/1568","targetHints":{"allow":["GET"]}}],"collection":[{"href":"https:\/\/www.angle-vivant.net\/claireceira\/wp-json\/wp\/v2\/posts"}],"about":[{"href":"https:\/\/www.angle-vivant.net\/claireceira\/wp-json\/wp\/v2\/types\/post"}],"author":[{"embeddable":true,"href":"https:\/\/www.angle-vivant.net\/claireceira\/wp-json\/wp\/v2\/users\/1"}],"replies":[{"embeddable":true,"href":"https:\/\/www.angle-vivant.net\/claireceira\/wp-json\/wp\/v2\/comments?post=1568"}],"version-history":[{"count":8,"href":"https:\/\/www.angle-vivant.net\/claireceira\/wp-json\/wp\/v2\/posts\/1568\/revisions"}],"predecessor-version":[{"id":3190,"href":"https:\/\/www.angle-vivant.net\/claireceira\/wp-json\/wp\/v2\/posts\/1568\/revisions\/3190"}],"wp:attachment":[{"href":"https:\/\/www.angle-vivant.net\/claireceira\/wp-json\/wp\/v2\/media?parent=1568"}],"wp:term":[{"taxonomy":"category","embeddable":true,"href":"https:\/\/www.angle-vivant.net\/claireceira\/wp-json\/wp\/v2\/categories?post=1568"},{"taxonomy":"post_tag","embeddable":true,"href":"https:\/\/www.angle-vivant.net\/claireceira\/wp-json\/wp\/v2\/tags?post=1568"}],"curies":[{"name":"wp","href":"https:\/\/api.w.org\/{rel}","templated":true}]}}