{"id":1511,"date":"2014-12-05T11:44:13","date_gmt":"2014-12-05T11:44:13","guid":{"rendered":"https:\/\/www.angle-vivant.net\/claireceira\/?p=1511"},"modified":"2016-09-17T12:37:36","modified_gmt":"2016-09-17T12:37:36","slug":"sans-titre-5","status":"publish","type":"post","link":"https:\/\/www.angle-vivant.net\/claireceira\/sans-titre-5\/","title":{"rendered":"Sans titre"},"content":{"rendered":"<p>Dans ce territoire qui ne regarde personne<br \/>\nentour\u00e9 de murets de pierre<br \/>\ntournent deux chevaux &#8211;<br \/>\nou bien ils se tiennent dress\u00e9s, immobiles.<\/p>\n<p>J\u2019ai en t\u00eate le bruit du galop<br \/>\net les parcelles de terre qu\u2019il projette alentour<br \/>\npourtant, dans ce pays sans vis-\u00e0-vis<br \/>\nr\u00e8gne un silence de film muet.<\/p>\n<p>C\u2019est ce qui donne tant de force<br \/>\naux pas que je fais pour y retourner<br \/>\ndeux chevaux m\u2019ignorent<br \/>\nle soleil est coulant et doux<br \/>\nla menthe pousse au pied<br \/>\nd\u2019un des murs.<\/p>\n<p>Quand je marche dos au cr\u00e9puscule<br \/>\nje vois mon ombre sortir de mes pieds<br \/>\net marcher avec moi<br \/>\nje suis comme un propri\u00e9taire<br \/>\nqui fait le tour de ses possessions.<\/p>\n<p>Je viens ici avec mon ombre en diagonale<br \/>\nondulant sur le vert des talus &#8211;<br \/>\nj\u2019ai oubli\u00e9 m\u00eame le r\u00eave<br \/>\nqui diff\u00e9rait un peu.<\/p>\n<p>Je suis comme un propri\u00e9taire n\u00e9gligent, d\u00e9tach\u00e9<br \/>\nqui h\u00e9rita voici plusieurs ann\u00e9es<br \/>\nd\u2019un souvenir d\u2019enfance<br \/>\net visite ses possessions<br \/>\nsans les aimer vraiment<\/p>\n<p>sans leur appartenir<br \/>\npourtant sans les explorer ni les maintenir.<\/p>\n<p>mais je regarde les arbres<br \/>\nde chaque c\u00f4t\u00e9<br \/>\n&#8211; et je vois le temps.<\/p>\n<p>Ils se sont \u00e9lev\u00e9s au-dessus de la terre<br \/>\ndepuis la premi\u00e8re pousse le cheveu de racine<br \/>\nqui a trouv\u00e9 o\u00f9 s\u2019enfoncer, o\u00f9 boire.<br \/>\net c&rsquo;est comme si je devait revenir ici<br \/>\nchaque jour sentir la pouss\u00e9e de ce<br \/>\nd\u00e9sir vertical et constant<br \/>\nqui en a fait des arbres adultes.<\/p>\n","protected":false},"excerpt":{"rendered":"<p>Dans ce territoire qui ne regarde personne entour\u00e9 de murets de pierre tournent deux chevaux &#8211; ou bien ils se tiennent dress\u00e9s, immobiles. J\u2019ai en t\u00eate le bruit du galop et les parcelles de terre qu\u2019il projette alentour pourtant, dans (&hellip;)<\/p>\n<p><a href=\"https:\/\/www.angle-vivant.net\/claireceira\/sans-titre-5\/\">Read the rest of this entry &raquo;<\/a><\/p>\n","protected":false},"author":1,"featured_media":0,"comment_status":"open","ping_status":"closed","sticky":false,"template":"","format":"standard","meta":{"footnotes":""},"categories":[21],"tags":[],"class_list":["post-1511","post","type-post","status-publish","format-standard","hentry","category-mobilis-immobilis"],"_links":{"self":[{"href":"https:\/\/www.angle-vivant.net\/claireceira\/wp-json\/wp\/v2\/posts\/1511","targetHints":{"allow":["GET"]}}],"collection":[{"href":"https:\/\/www.angle-vivant.net\/claireceira\/wp-json\/wp\/v2\/posts"}],"about":[{"href":"https:\/\/www.angle-vivant.net\/claireceira\/wp-json\/wp\/v2\/types\/post"}],"author":[{"embeddable":true,"href":"https:\/\/www.angle-vivant.net\/claireceira\/wp-json\/wp\/v2\/users\/1"}],"replies":[{"embeddable":true,"href":"https:\/\/www.angle-vivant.net\/claireceira\/wp-json\/wp\/v2\/comments?post=1511"}],"version-history":[{"count":26,"href":"https:\/\/www.angle-vivant.net\/claireceira\/wp-json\/wp\/v2\/posts\/1511\/revisions"}],"predecessor-version":[{"id":2271,"href":"https:\/\/www.angle-vivant.net\/claireceira\/wp-json\/wp\/v2\/posts\/1511\/revisions\/2271"}],"wp:attachment":[{"href":"https:\/\/www.angle-vivant.net\/claireceira\/wp-json\/wp\/v2\/media?parent=1511"}],"wp:term":[{"taxonomy":"category","embeddable":true,"href":"https:\/\/www.angle-vivant.net\/claireceira\/wp-json\/wp\/v2\/categories?post=1511"},{"taxonomy":"post_tag","embeddable":true,"href":"https:\/\/www.angle-vivant.net\/claireceira\/wp-json\/wp\/v2\/tags?post=1511"}],"curies":[{"name":"wp","href":"https:\/\/api.w.org\/{rel}","templated":true}]}}