{"id":1494,"date":"2014-11-29T19:48:06","date_gmt":"2014-11-29T19:48:06","guid":{"rendered":"https:\/\/www.angle-vivant.net\/claireceira\/?p=1494"},"modified":"2014-12-29T15:46:36","modified_gmt":"2014-12-29T15:46:36","slug":"elle-descend-de-la-montagne","status":"publish","type":"post","link":"https:\/\/www.angle-vivant.net\/claireceira\/elle-descend-de-la-montagne\/","title":{"rendered":"L&rsquo;eau descend de la montagne, Nougaro est mort"},"content":{"rendered":"<p>Quand tu dis \u00ab mon \u00e9paule \u00bb, je me demande ce que tu sens. Est-ce proche de ce que je sens quand je dis \u00ab mon \u00e9paule \u00bb ?  Quelles sont les diff\u00e9rences ?<br \/>\nJe baigne dans les m\u00e9andres de la question, au volant de ma voiture, remontant la rue o\u00f9 le soir vient. L\u2019eau coule des deux c\u00f4t\u00e9s depuis la montagne, il a beaucoup plu ces derniers jours. Sur l\u2019auto-radio Nougaro chante \u00ab Garonne \u00bb, et dans sa voix vibrant d\u2019hormones, dans la fa\u00e7on dont il prolonge l\u2019\u00e9trange mot (\u00e9trange comme tout nom propre), je vois se dresser une corps de divinit\u00e9 f\u00e9minine, sans visage. Si dress\u00e9e, si haute, plan miroitant de brun et de vert. Garonne est femme, le flux profond de la voix de Nougaro est homme, il l\u2019entoure et la pousse encore plus \u00e0 se lever devant lui, ondoyante et sexu\u00e9e, maternelle et s\u00e9duite, aveugle et sourde.<br \/>\nLa chanson pr\u00e9c\u00e9dente c\u2019\u00e9tait \u00ab Mai \u00bb, avec cette \u00ab\u00e9p\u00e9e du printemps qui sacre notre \u00e9paule \u00bb, et je voyais l\u2019\u00e9paule de Nougaro, un homme \u00e0 genoux, t\u00eate baiss\u00e9e.<br \/>\nIl est \u00e9vident qu\u2019aucune \u00e9p\u00e9e ne touchera mon \u00e9paule. Une cape pourrait convenir \u00e0 l&rsquo;un et l&rsquo;autre, mais c\u2019est un peu th\u00e9\u00e2tral.<br \/>\nPourtant nos \u00e9paules sont faites de la m\u00eame mani\u00e8re, m\u00eames muscles et tendons, os arrondis ou sinueux, m\u00eame sang rouge, m\u00eames fonctions. Mais quand Nougaro dit \u00ab mon \u00e9paule \u00bb, je crois que ce n\u2019est pas pareil que lorsque je dis \u00ab mon \u00e9paule \u00bb ; nos voix diff\u00e8rent, nous ne portons pas le monde de la m\u00eame fa\u00e7on.<br \/>\nEt c\u2019est m\u00eame encore plus diff\u00e9rent, d\u2019une diff\u00e9rence essentielle, comme une faille sans mot, qui fait que je ne ressentirais rien de semblable \u00e0 effleurer l\u2019\u00e9paule de Nougaro et la mienne.<br \/>\nJe m\u2019enfonce ainsi dans le myst\u00e8re de cette \u00e9paule lourde, qu\u2019il propose par la voix, comme un support \u00e0 saisir, \u00e0 toucher.<br \/>\nEn m\u00eame temps, la chanson dit que l\u2019\u00e9p\u00e9e du printemps sacre notre \u00e9paule&#8230; et elle sacre la mienne aussi.<\/p>\n","protected":false},"excerpt":{"rendered":"<p>Quand tu dis \u00ab mon \u00e9paule \u00bb, je me demande ce que tu sens. Est-ce proche de ce que je sens quand je dis \u00ab mon \u00e9paule \u00bb ? Quelles sont les diff\u00e9rences ? Je baigne dans les m\u00e9andres de (&hellip;)<\/p>\n<p><a href=\"https:\/\/www.angle-vivant.net\/claireceira\/elle-descend-de-la-montagne\/\">Read the rest of this entry &raquo;<\/a><\/p>\n","protected":false},"author":1,"featured_media":0,"comment_status":"open","ping_status":"closed","sticky":false,"template":"","format":"standard","meta":{"footnotes":""},"categories":[1],"tags":[],"class_list":["post-1494","post","type-post","status-publish","format-standard","hentry","category-non-classe"],"_links":{"self":[{"href":"https:\/\/www.angle-vivant.net\/claireceira\/wp-json\/wp\/v2\/posts\/1494","targetHints":{"allow":["GET"]}}],"collection":[{"href":"https:\/\/www.angle-vivant.net\/claireceira\/wp-json\/wp\/v2\/posts"}],"about":[{"href":"https:\/\/www.angle-vivant.net\/claireceira\/wp-json\/wp\/v2\/types\/post"}],"author":[{"embeddable":true,"href":"https:\/\/www.angle-vivant.net\/claireceira\/wp-json\/wp\/v2\/users\/1"}],"replies":[{"embeddable":true,"href":"https:\/\/www.angle-vivant.net\/claireceira\/wp-json\/wp\/v2\/comments?post=1494"}],"version-history":[{"count":12,"href":"https:\/\/www.angle-vivant.net\/claireceira\/wp-json\/wp\/v2\/posts\/1494\/revisions"}],"predecessor-version":[{"id":1544,"href":"https:\/\/www.angle-vivant.net\/claireceira\/wp-json\/wp\/v2\/posts\/1494\/revisions\/1544"}],"wp:attachment":[{"href":"https:\/\/www.angle-vivant.net\/claireceira\/wp-json\/wp\/v2\/media?parent=1494"}],"wp:term":[{"taxonomy":"category","embeddable":true,"href":"https:\/\/www.angle-vivant.net\/claireceira\/wp-json\/wp\/v2\/categories?post=1494"},{"taxonomy":"post_tag","embeddable":true,"href":"https:\/\/www.angle-vivant.net\/claireceira\/wp-json\/wp\/v2\/tags?post=1494"}],"curies":[{"name":"wp","href":"https:\/\/api.w.org\/{rel}","templated":true}]}}