{"id":1491,"date":"2014-11-29T19:46:12","date_gmt":"2014-11-29T19:46:12","guid":{"rendered":"https:\/\/www.angle-vivant.net\/claireceira\/?p=1491"},"modified":"2018-03-29T16:36:31","modified_gmt":"2018-03-29T16:36:31","slug":"petite-variation-sur-un-dessin-anime-denfance","status":"publish","type":"post","link":"https:\/\/www.angle-vivant.net\/claireceira\/petite-variation-sur-un-dessin-anime-denfance\/","title":{"rendered":"forget me not"},"content":{"rendered":"<p>le Capitaine Crochet n\u2019a qu\u2019une id\u00e9e c\u2019est de tuer<br \/>\nPeter qui lui a coup\u00e9 la main.<br \/>\npourtant ce membre coup\u00e9-mang\u00e9<br \/>\na laiss\u00e9 place \u00e0 un bel instrument<br \/>\n\u00e9ventreur, tueur et accrocheur<br \/>\nle Capitaine Crochet veut se venger, mais il est poursuivi<br \/>\npar le Temps qui cliqu\u00e8te.<\/p>\n<p>D\u00e9vorez-nous \u00e0 demi, monstre marin<br \/>\nsuivez-nous si personne<br \/>\nd\u2019autre dans le sillage referm\u00e9 ne nous suivra<br \/>\nnous sommes les pirates volants<br \/>\nles femmes sont trop mi\u00e8vres<br \/>\npour nos affaires de chair ouverte.<br \/>\nQu\u2019elles reprisent les chaussettes !<\/p>\n<p>Mon sang bleuit mes dentelles, ma barbe<br \/>\nbleuit mes joues caves.<\/p>\n<p>mes yeux<br \/>\ncueille-les, comme fleurs priv\u00e9es<\/p>\n<p>avant que je referme<br \/>\nles plis de mes paupi\u00e8res<br \/>\nne m\u2019oublie pas.<br \/>\nWendy je la veux pour tuer Peter.<\/p>\n<p>Peter n\u2019a qu\u2019une id\u00e9e c\u2019est de tuer Crochet<br \/>\nparce qu\u2019il n\u2019a qu\u2019une id\u00e9e depuis qu\u2019il est tomb\u00e9<br \/>\nde sa poussette. Il cherche le rocher o\u00f9 mourir<br \/>\nen face \u00e0 face. Il cherche le rocher d\u2019o\u00f9 l\u2019on s\u2019enfuit<br \/>\ndans la ti\u00e8de nappe des mar\u00e9es.<\/p>\n<p>Peter, emm\u00e8ne-nous au milieu<br \/>\ndes limites. Fais-nous voler \u00e0 un m\u00e8tre au dessus des lits<br \/>\ndans nos chambres d\u2019enfants soumis<br \/>\nton crochet, je le sens qui soutient la chair.<\/p>\n<p>Que la douleur soit une f\u00e9e qui vole<br \/>\ndans notre dos &#8211; ne te retourne pas<br \/>\nses ailes sont trop diaphanes pour nous.<\/p>\n","protected":false},"excerpt":{"rendered":"<p>le Capitaine Crochet n\u2019a qu\u2019une id\u00e9e c\u2019est de tuer Peter qui lui a coup\u00e9 la main. pourtant ce membre coup\u00e9-mang\u00e9 a laiss\u00e9 place \u00e0 un bel instrument \u00e9ventreur, tueur et accrocheur le Capitaine Crochet veut se venger, mais il est (&hellip;)<\/p>\n<p><a href=\"https:\/\/www.angle-vivant.net\/claireceira\/petite-variation-sur-un-dessin-anime-denfance\/\">Read the rest of this entry &raquo;<\/a><\/p>\n","protected":false},"author":1,"featured_media":0,"comment_status":"open","ping_status":"closed","sticky":false,"template":"","format":"standard","meta":{"footnotes":""},"categories":[1],"tags":[],"class_list":["post-1491","post","type-post","status-publish","format-standard","hentry","category-non-classe"],"_links":{"self":[{"href":"https:\/\/www.angle-vivant.net\/claireceira\/wp-json\/wp\/v2\/posts\/1491","targetHints":{"allow":["GET"]}}],"collection":[{"href":"https:\/\/www.angle-vivant.net\/claireceira\/wp-json\/wp\/v2\/posts"}],"about":[{"href":"https:\/\/www.angle-vivant.net\/claireceira\/wp-json\/wp\/v2\/types\/post"}],"author":[{"embeddable":true,"href":"https:\/\/www.angle-vivant.net\/claireceira\/wp-json\/wp\/v2\/users\/1"}],"replies":[{"embeddable":true,"href":"https:\/\/www.angle-vivant.net\/claireceira\/wp-json\/wp\/v2\/comments?post=1491"}],"version-history":[{"count":4,"href":"https:\/\/www.angle-vivant.net\/claireceira\/wp-json\/wp\/v2\/posts\/1491\/revisions"}],"predecessor-version":[{"id":3041,"href":"https:\/\/www.angle-vivant.net\/claireceira\/wp-json\/wp\/v2\/posts\/1491\/revisions\/3041"}],"wp:attachment":[{"href":"https:\/\/www.angle-vivant.net\/claireceira\/wp-json\/wp\/v2\/media?parent=1491"}],"wp:term":[{"taxonomy":"category","embeddable":true,"href":"https:\/\/www.angle-vivant.net\/claireceira\/wp-json\/wp\/v2\/categories?post=1491"},{"taxonomy":"post_tag","embeddable":true,"href":"https:\/\/www.angle-vivant.net\/claireceira\/wp-json\/wp\/v2\/tags?post=1491"}],"curies":[{"name":"wp","href":"https:\/\/api.w.org\/{rel}","templated":true}]}}