{"id":1468,"date":"2014-11-17T21:53:51","date_gmt":"2014-11-17T21:53:51","guid":{"rendered":"https:\/\/www.angle-vivant.net\/claireceira\/?p=1468"},"modified":"2016-09-16T16:43:49","modified_gmt":"2016-09-16T16:43:49","slug":"la-ville-aimee","status":"publish","type":"post","link":"https:\/\/www.angle-vivant.net\/claireceira\/la-ville-aimee\/","title":{"rendered":"la ville aim\u00e9e"},"content":{"rendered":"<p><img decoding=\"async\" src=\"https:\/\/lh5.googleusercontent.com\/-iexyTVDxENE\/VIDjXBXIZCI\/AAAAAAAAAJY\/dzh6IKJMKWs\/s288\/image.jpg\" alt=\"\" \/><br \/>\nAnn\u00e9e apr\u00e8s ann\u00e9e je retrouve<br \/>\nles trottoirs mouill\u00e9s de cette grande ville<br \/>\nles feuilles comme des mains ouvertes<br \/>\nplaqu\u00e9es sur le bitume par les pluies d\u2019automne.<br \/>\nla chaleur vient de moi, des diff\u00e9rences entre les passants<br \/>\ndes familles avec leur longue histoire<br \/>\nperdue &#8211; plus haut<br \/>\nque les douces et grises nu\u00e9es.<\/p>\n<p>L\u2019eau reste si longtemps sous nos pas<br \/>\nsans s\u2019\u00e9vaporer, en \u00e9quilibre<br \/>\ndans l\u2019apr\u00e8s-midi, o\u00f9 tombe le soir.<\/p>\n<p>Les morts sont morts, les enfants sont adultes<br \/>\nl\u2019eau est si mince, \u00e9tendue sur le miroir des rues<br \/>\nles lampes vont bient\u00f4t s\u2019allumer.<\/p>\n<p>Ann\u00e9e apr\u00e8s ann\u00e9e je reviens<br \/>\n\u00e0 cette m\u00eame \u00e9poque,<br \/>\nl\u2019odeur des platanes mouill\u00e9s me serre toujours le coeur<br \/>\nla bizarre joie<br \/>\ndu temps me serre dans<br \/>\nson poing us\u00e9, mouill\u00e9.<\/p>\n<p>Les passants auront leurs visages, leurs v\u00eatements et gestes.<br \/>\net s\u2019ouvrira toujours la main palm\u00e9e, le recours<br \/>\ndes feuilles coriaces, pourrissant<br \/>\nquand je ne reviendrai plus.<\/p>\n","protected":false},"excerpt":{"rendered":"<p>Ann\u00e9e apr\u00e8s ann\u00e9e je retrouve les trottoirs mouill\u00e9s de cette grande ville les feuilles comme des mains ouvertes plaqu\u00e9es sur le bitume par les pluies d\u2019automne. la chaleur vient de moi, des diff\u00e9rences entre les passants des familles avec leur (&hellip;)<\/p>\n<p><a href=\"https:\/\/www.angle-vivant.net\/claireceira\/la-ville-aimee\/\">Read the rest of this entry &raquo;<\/a><\/p>\n","protected":false},"author":1,"featured_media":0,"comment_status":"open","ping_status":"closed","sticky":false,"template":"","format":"standard","meta":{"footnotes":""},"categories":[23],"tags":[],"class_list":["post-1468","post","type-post","status-publish","format-standard","hentry","category-etre-seul-etre-ensemble"],"_links":{"self":[{"href":"https:\/\/www.angle-vivant.net\/claireceira\/wp-json\/wp\/v2\/posts\/1468","targetHints":{"allow":["GET"]}}],"collection":[{"href":"https:\/\/www.angle-vivant.net\/claireceira\/wp-json\/wp\/v2\/posts"}],"about":[{"href":"https:\/\/www.angle-vivant.net\/claireceira\/wp-json\/wp\/v2\/types\/post"}],"author":[{"embeddable":true,"href":"https:\/\/www.angle-vivant.net\/claireceira\/wp-json\/wp\/v2\/users\/1"}],"replies":[{"embeddable":true,"href":"https:\/\/www.angle-vivant.net\/claireceira\/wp-json\/wp\/v2\/comments?post=1468"}],"version-history":[{"count":3,"href":"https:\/\/www.angle-vivant.net\/claireceira\/wp-json\/wp\/v2\/posts\/1468\/revisions"}],"predecessor-version":[{"id":1513,"href":"https:\/\/www.angle-vivant.net\/claireceira\/wp-json\/wp\/v2\/posts\/1468\/revisions\/1513"}],"wp:attachment":[{"href":"https:\/\/www.angle-vivant.net\/claireceira\/wp-json\/wp\/v2\/media?parent=1468"}],"wp:term":[{"taxonomy":"category","embeddable":true,"href":"https:\/\/www.angle-vivant.net\/claireceira\/wp-json\/wp\/v2\/categories?post=1468"},{"taxonomy":"post_tag","embeddable":true,"href":"https:\/\/www.angle-vivant.net\/claireceira\/wp-json\/wp\/v2\/tags?post=1468"}],"curies":[{"name":"wp","href":"https:\/\/api.w.org\/{rel}","templated":true}]}}