{"id":1421,"date":"2014-10-25T09:56:37","date_gmt":"2014-10-25T09:56:37","guid":{"rendered":"https:\/\/www.angle-vivant.net\/claireceira\/?p=1421"},"modified":"2018-10-27T15:54:34","modified_gmt":"2018-10-27T15:54:34","slug":"les-animaux-sarreterent-de-parler-pour-donner-aux-hommes-la-chance-dobeir-a-leurs-cris","status":"publish","type":"post","link":"https:\/\/www.angle-vivant.net\/claireceira\/les-animaux-sarreterent-de-parler-pour-donner-aux-hommes-la-chance-dobeir-a-leurs-cris\/","title":{"rendered":"\u00ab\u00a0Les animaux s&rsquo;arr\u00eat\u00e8rent de parler pour donner aux hommes la chance d&rsquo;ob\u00e9ir \u00e0 leurs cris.\u00a0\u00bb"},"content":{"rendered":"<p>l&rsquo;enfant sait qu&rsquo;il a en lui le loup<br \/>\ndepuis qu&rsquo;il a entendu le mot.<\/p>\n<p>il se demande comment est ce poil, qu&rsquo;il doit bien porter quelque part<br \/>\nest-il doux<br \/>\nou dur ?<br \/>\nl&rsquo;enfant enfonce ses canines<br \/>\ndans le malabar, sa chair rose.<br \/>\nil a tant de force dans les m\u00e2choires.<br \/>\ndans un mus\u00e9e il a touch\u00e9<br \/>\nun morceau de fourrure de loup elle \u00e9tait toute us\u00e9e au centre<br \/>\ntant les enfants l&rsquo;avaient caress\u00e9e.<br \/>\nils avaient n\u00e9glig\u00e9 les autres fourrures,<br \/>\nils ne les avaient pas en eux.<\/p>\n<p>l&rsquo;enfant \u00e0 \u00e9cout\u00e9 \u00e0 la t\u00e9l\u00e9<br \/>\ncomment les loups appellent ;<br \/>\ns&rsquo;il vivait dans un d\u00e9sert<br \/>\ns&rsquo;il \u00e9tait un enfant &#8211; la nuit<br \/>\ndans une maison de terre<br \/>\nil sortirait sans bruit sous le grand ciel noir<br \/>\n\u00e9couterait de tout son coeur.<\/p>\n<p><em><\/p>\n<p>(d&rsquo;apr\u00e8s le deuxi\u00e8me vers de \u00ab\u00a0Courants blancs\u00a0\u00bb de Philippe Jaffeux)<\/em><\/p>\n","protected":false},"excerpt":{"rendered":"<p>l&rsquo;enfant sait qu&rsquo;il a en lui le loup depuis qu&rsquo;il a entendu le mot. il se demande comment est ce poil, qu&rsquo;il doit bien porter quelque part est-il doux ou dur ? l&rsquo;enfant enfonce ses canines dans le malabar, sa (&hellip;)<\/p>\n<p><a href=\"https:\/\/www.angle-vivant.net\/claireceira\/les-animaux-sarreterent-de-parler-pour-donner-aux-hommes-la-chance-dobeir-a-leurs-cris\/\">Read the rest of this entry &raquo;<\/a><\/p>\n","protected":false},"author":1,"featured_media":0,"comment_status":"open","ping_status":"closed","sticky":false,"template":"","format":"standard","meta":{"footnotes":""},"categories":[22,1],"tags":[],"class_list":["post-1421","post","type-post","status-publish","format-standard","hentry","category-la-voie-associative","category-non-classe"],"_links":{"self":[{"href":"https:\/\/www.angle-vivant.net\/claireceira\/wp-json\/wp\/v2\/posts\/1421","targetHints":{"allow":["GET"]}}],"collection":[{"href":"https:\/\/www.angle-vivant.net\/claireceira\/wp-json\/wp\/v2\/posts"}],"about":[{"href":"https:\/\/www.angle-vivant.net\/claireceira\/wp-json\/wp\/v2\/types\/post"}],"author":[{"embeddable":true,"href":"https:\/\/www.angle-vivant.net\/claireceira\/wp-json\/wp\/v2\/users\/1"}],"replies":[{"embeddable":true,"href":"https:\/\/www.angle-vivant.net\/claireceira\/wp-json\/wp\/v2\/comments?post=1421"}],"version-history":[{"count":10,"href":"https:\/\/www.angle-vivant.net\/claireceira\/wp-json\/wp\/v2\/posts\/1421\/revisions"}],"predecessor-version":[{"id":3191,"href":"https:\/\/www.angle-vivant.net\/claireceira\/wp-json\/wp\/v2\/posts\/1421\/revisions\/3191"}],"wp:attachment":[{"href":"https:\/\/www.angle-vivant.net\/claireceira\/wp-json\/wp\/v2\/media?parent=1421"}],"wp:term":[{"taxonomy":"category","embeddable":true,"href":"https:\/\/www.angle-vivant.net\/claireceira\/wp-json\/wp\/v2\/categories?post=1421"},{"taxonomy":"post_tag","embeddable":true,"href":"https:\/\/www.angle-vivant.net\/claireceira\/wp-json\/wp\/v2\/tags?post=1421"}],"curies":[{"name":"wp","href":"https:\/\/api.w.org\/{rel}","templated":true}]}}