{"id":1415,"date":"2014-10-25T09:41:04","date_gmt":"2014-10-25T09:41:04","guid":{"rendered":"https:\/\/www.angle-vivant.net\/claireceira\/?p=1415"},"modified":"2016-09-16T11:18:55","modified_gmt":"2016-09-16T11:18:55","slug":"il-se-noya-dans-un-cercle-lorsquil-confondit-leau-avec-une-quinzieme-lettre-solaire","status":"publish","type":"post","link":"https:\/\/www.angle-vivant.net\/claireceira\/il-se-noya-dans-un-cercle-lorsquil-confondit-leau-avec-une-quinzieme-lettre-solaire\/","title":{"rendered":"\u00ab\u00a0Il se noya dans un cercle lorsqu&rsquo;il confondit l&rsquo;eau avec une quinzi\u00e8me lettre solaire.\u00a0\u00bb"},"content":{"rendered":"<p><em>ce matin, un petit h\u00e9risson est tomb\u00e9 dans la piscine. Je le sors vite de l&rsquo;eau, et comme il n&rsquo;arrive pas \u00e0 se r\u00e9chauffer, je branche au dessus de lui un s\u00e8che-cheveux. Quand je reviens, il est parti, non sans avoir vid\u00e9 la soucoupe de nourriture pour chat.<\/em><\/p>\n<p>le petit h\u00e9risson nage en rond, encercl\u00e9 d&rsquo;un tuyau flottant<br \/>\non est pr\u00e8s de l&rsquo;\u00e9quinoxe de mars<br \/>\nil a travers\u00e9 des jardins et des obstacles<br \/>\nil est men\u00e9, sous sa petite couverture rude<br \/>\npar le d\u00e9sir puissant d&rsquo;un soleil int\u00e9rieur<br \/>\net inconnu.<br \/>\net voil\u00e0 qu&rsquo;il a eu soif et qu&rsquo;il est tomb\u00e9<br \/>\n&#8211; dans ce pays sans source ce pays \u00e0 piscines &#8211;<br \/>\nle froid de l&rsquo;eau le fige peu \u00e0 peu.<\/p>\n<p>pourtant il nage encore, tourne encore<br \/>\nfid\u00e8le au premier mouvement qu&rsquo;il fit<br \/>\nhors du chaud et noir.<br \/>\ndans la lumi\u00e8re de mars<br \/>\nson petit nez pointu au raz de la limite,<br \/>\nil dessine un O sans l\u00e2cher.<\/p>\n<p>et moi je l&rsquo;ai vu par hasard je vais vite<br \/>\njouer au sauveur avec une \u00e9puisette.<br \/>\ngrelottant au soleil de mars il reste immobile<\/p>\n<p>je trouverai bien le moyen de te r\u00e9chauffer<br \/>\npetit adulte enfantin.<\/p>\n<p><em><br \/>\n(d&rsquo;apr\u00e8s le premier vers de \u00ab\u00a0Courants blancs\u00a0\u00bb de Philippe Jaffeux)<\/em><\/p>\n","protected":false},"excerpt":{"rendered":"<p>ce matin, un petit h\u00e9risson est tomb\u00e9 dans la piscine. Je le sors vite de l&rsquo;eau, et comme il n&rsquo;arrive pas \u00e0 se r\u00e9chauffer, je branche au dessus de lui un s\u00e8che-cheveux. Quand je reviens, il est parti, non sans (&hellip;)<\/p>\n<p><a href=\"https:\/\/www.angle-vivant.net\/claireceira\/il-se-noya-dans-un-cercle-lorsquil-confondit-leau-avec-une-quinzieme-lettre-solaire\/\">Read the rest of this entry &raquo;<\/a><\/p>\n","protected":false},"author":1,"featured_media":0,"comment_status":"open","ping_status":"closed","sticky":false,"template":"","format":"standard","meta":{"footnotes":""},"categories":[22,1],"tags":[],"class_list":["post-1415","post","type-post","status-publish","format-standard","hentry","category-la-voie-associative","category-non-classe"],"_links":{"self":[{"href":"https:\/\/www.angle-vivant.net\/claireceira\/wp-json\/wp\/v2\/posts\/1415","targetHints":{"allow":["GET"]}}],"collection":[{"href":"https:\/\/www.angle-vivant.net\/claireceira\/wp-json\/wp\/v2\/posts"}],"about":[{"href":"https:\/\/www.angle-vivant.net\/claireceira\/wp-json\/wp\/v2\/types\/post"}],"author":[{"embeddable":true,"href":"https:\/\/www.angle-vivant.net\/claireceira\/wp-json\/wp\/v2\/users\/1"}],"replies":[{"embeddable":true,"href":"https:\/\/www.angle-vivant.net\/claireceira\/wp-json\/wp\/v2\/comments?post=1415"}],"version-history":[{"count":8,"href":"https:\/\/www.angle-vivant.net\/claireceira\/wp-json\/wp\/v2\/posts\/1415\/revisions"}],"predecessor-version":[{"id":1445,"href":"https:\/\/www.angle-vivant.net\/claireceira\/wp-json\/wp\/v2\/posts\/1415\/revisions\/1445"}],"wp:attachment":[{"href":"https:\/\/www.angle-vivant.net\/claireceira\/wp-json\/wp\/v2\/media?parent=1415"}],"wp:term":[{"taxonomy":"category","embeddable":true,"href":"https:\/\/www.angle-vivant.net\/claireceira\/wp-json\/wp\/v2\/categories?post=1415"},{"taxonomy":"post_tag","embeddable":true,"href":"https:\/\/www.angle-vivant.net\/claireceira\/wp-json\/wp\/v2\/tags?post=1415"}],"curies":[{"name":"wp","href":"https:\/\/api.w.org\/{rel}","templated":true}]}}