{"id":1357,"date":"2014-10-15T22:46:42","date_gmt":"2014-10-15T22:46:42","guid":{"rendered":"https:\/\/www.angle-vivant.net\/claireceira\/?p=1357"},"modified":"2016-09-16T16:44:29","modified_gmt":"2016-09-16T16:44:29","slug":"belle-lecon-dimpuissance","status":"publish","type":"post","link":"https:\/\/www.angle-vivant.net\/claireceira\/belle-lecon-dimpuissance\/","title":{"rendered":"la belle impuissance"},"content":{"rendered":"<p>Rentrer-traverser le jardin<br \/>\nqui nage dans le cr\u00e9puscule.<\/p>\n<p>au-dessus l&rsquo;immense ciel navigue<br \/>\nsi lentement, avec ses nuages l\u00e9gers<br \/>\nsemblables aux rides de l&rsquo;eau, simplement d\u00e9rivant.<br \/>\nvoir le premier signe des \u00e9toiles<br \/>\nl&rsquo;olivier du sud se d\u00e9coupe<br \/>\nsubtil et noir<br \/>\nsur cette cartographie inconnue,<br \/>\nce lent et lumineux mouvement.<\/p>\n<p>je reste immobile<br \/>\nlib\u00e9rant peu \u00e0 peu le bruit du travail,<br \/>\nles voix des autres.<\/p>\n<p>battant, accord\u00e9 au ciel<br \/>\nclair et sombre, \u00e0 la gr\u00e2ce parfaite<br \/>\ndu bleu profond<br \/>\nle pouls profond<br \/>\nde ce qui n&rsquo;est pas l\u00e0.<\/p>\n<p>le ciel \u00e9tend sur le monde la cape,<br \/>\nla faille du temps.<\/p>\n","protected":false},"excerpt":{"rendered":"<p>Rentrer-traverser le jardin qui nage dans le cr\u00e9puscule. au-dessus l&rsquo;immense ciel navigue si lentement, avec ses nuages l\u00e9gers semblables aux rides de l&rsquo;eau, simplement d\u00e9rivant. voir le premier signe des \u00e9toiles l&rsquo;olivier du sud se d\u00e9coupe subtil et noir sur (&hellip;)<\/p>\n<p><a href=\"https:\/\/www.angle-vivant.net\/claireceira\/belle-lecon-dimpuissance\/\">Read the rest of this entry &raquo;<\/a><\/p>\n","protected":false},"author":1,"featured_media":0,"comment_status":"open","ping_status":"closed","sticky":false,"template":"","format":"standard","meta":{"footnotes":""},"categories":[21],"tags":[],"class_list":["post-1357","post","type-post","status-publish","format-standard","hentry","category-mobilis-immobilis"],"_links":{"self":[{"href":"https:\/\/www.angle-vivant.net\/claireceira\/wp-json\/wp\/v2\/posts\/1357","targetHints":{"allow":["GET"]}}],"collection":[{"href":"https:\/\/www.angle-vivant.net\/claireceira\/wp-json\/wp\/v2\/posts"}],"about":[{"href":"https:\/\/www.angle-vivant.net\/claireceira\/wp-json\/wp\/v2\/types\/post"}],"author":[{"embeddable":true,"href":"https:\/\/www.angle-vivant.net\/claireceira\/wp-json\/wp\/v2\/users\/1"}],"replies":[{"embeddable":true,"href":"https:\/\/www.angle-vivant.net\/claireceira\/wp-json\/wp\/v2\/comments?post=1357"}],"version-history":[{"count":42,"href":"https:\/\/www.angle-vivant.net\/claireceira\/wp-json\/wp\/v2\/posts\/1357\/revisions"}],"predecessor-version":[{"id":1454,"href":"https:\/\/www.angle-vivant.net\/claireceira\/wp-json\/wp\/v2\/posts\/1357\/revisions\/1454"}],"wp:attachment":[{"href":"https:\/\/www.angle-vivant.net\/claireceira\/wp-json\/wp\/v2\/media?parent=1357"}],"wp:term":[{"taxonomy":"category","embeddable":true,"href":"https:\/\/www.angle-vivant.net\/claireceira\/wp-json\/wp\/v2\/categories?post=1357"},{"taxonomy":"post_tag","embeddable":true,"href":"https:\/\/www.angle-vivant.net\/claireceira\/wp-json\/wp\/v2\/tags?post=1357"}],"curies":[{"name":"wp","href":"https:\/\/api.w.org\/{rel}","templated":true}]}}