{"id":135,"date":"2011-10-28T15:56:32","date_gmt":"2011-10-28T15:56:32","guid":{"rendered":"https:\/\/www.angle-vivant.net\/claireceira\/?p=135"},"modified":"2016-12-15T21:19:55","modified_gmt":"2016-12-15T21:19:55","slug":"chemin-de-lubac","status":"publish","type":"post","link":"https:\/\/www.angle-vivant.net\/claireceira\/chemin-de-lubac\/","title":{"rendered":"Chemin de l&rsquo;Ubac (exposition et I)"},"content":{"rendered":"<p><a href=\"https:\/\/www.angle-vivant.net\/claireceira\/wp-content\/uploads\/2011\/10\/ombres-photo3.jpg\"><img loading=\"lazy\" decoding=\"async\" src=\"https:\/\/www.angle-vivant.net\/claireceira\/wp-content\/uploads\/2011\/10\/ombres-photo3-150x150.jpg\" alt=\"\" title=\"ombres photo\" width=\"150\" height=\"150\" class=\"alignright size-thumbnail wp-image-162\" \/><\/a><br \/>\n<em><br \/>\nCe chemin existe vraiment, ici. En fait c&rsquo;est une route, passant derri\u00e8re la montagne de roches brutes, de maquis et de pins. Il est du c\u00f4t\u00e9 nord, moins construit, moins fr\u00e9quent\u00e9. Les pins sont plus hauts, les bruits diff\u00e9rents. Les maisons en fin d&rsquo;hiver portent des tra\u00een\u00e9es sombres le long de leurs murs, sur leur cr\u00e9pi granuleux, comme si l&rsquo;ombre s&rsquo;y \u00e9tait d\u00e9pos\u00e9e depuis toujours, car c&rsquo;est le pays de l&rsquo;ombre. Il y a plus d&rsquo;oiseaux, moins de cigales, moins d&rsquo;oliviers, plus de pervenches p\u00e2les au printemps, dans l&rsquo;herbe haute. Sur le gravier des chemins encerclant les maisons, un peu de mousse s&rsquo;installe, v\u00e9g\u00e8te en \u00e9t\u00e9, veloute d&rsquo;un vert intense les coins sans passage, apr\u00e8s la pluie. Les gens aussi me semblent diff\u00e9rents. Ils ont choisi de vivre ici comme dans un repli d\u00e9niant la mer, un repli qui \u00e9voquerait plus une basse montagne. Leurs maisons sont entour\u00e9es de plus d&rsquo;objets n\u00e9glig\u00e9s, il y a quelques caravanes moisies dans des prairies \u00e9troites, mais pourtant ils aiment \u00eatre de ce c\u00f4t\u00e9 moins recherch\u00e9, dont ils aiment la semi-sauvagerie, la for\u00eat plus vigoureuse, la protection en \u00ab\u00a0zone verte\u00a0\u00bb. Au fond, en contrebas, dans ce creux o\u00f9 nul ne va, encombr\u00e9 de ronces et de pyracanthas orang\u00e9s, coule peut-\u00eatre quelque chose, entre des contenants vides aux \u00e9tiquettes illisibles.<br \/>\nC&rsquo;est d\u00e9j\u00e0 loin de la c\u00f4te et pourtant \u00e0 moins d&rsquo;un kilom\u00e8tre \u00e0 vol d&rsquo;oiseau. Mais quel oiseau ferait ce vol au dessus du Faron, quelle mouette perdue ascendante et criant devant le territoire int\u00e9rieur ? Et quel cycliste gain\u00e9 de couleurs vives, au corps vieillissant mais sec en fera-t-il le tour ?<br \/>\nEt moi quelle vie ai-je renonc\u00e9 \u00e0 vivre dans cet espace sylvien, recul\u00e9, \u00e9pargn\u00e9 par la crudit\u00e9 des forces solaires, o\u00f9 le soir tombe vite, o\u00f9 l&rsquo;hiver ressemble presque \u00e0 l&rsquo;hiver ?<br \/>\nJe l&rsquo;ai pris en moi comme un territoire, o\u00f9 la moiti\u00e9 abim\u00e9e d&rsquo;un visage de pierre est d\u00e9pos\u00e9e &#8211; se repose : la moiti\u00e9 nord. <\/em><\/p>\n<p><strong>I<\/strong><\/p>\n<p>c&rsquo;est comme si je revenais<br \/>\n\u00e0 moi. ce demi visage ray\u00e9<br \/>\ncette mousse noire<br \/>\nles pentes qu&rsquo;on d\u00e9gringole presque sans bruit<br \/>\nun oeil ouvert<br \/>\nallong\u00e9 dans les feuilles. <\/p>\n<p>et la source m\u00eame o\u00f9 nous avions trouv\u00e9 une boisson commune<br \/>\ndont l&rsquo;eau d\u00e9pose un peu de rouille<br \/>\nsur les tiges proches<br \/>\nl&rsquo;eau pourtant continue toujours<br \/>\nnimbant d&rsquo;odeurs de vase<br \/>\ncette t\u00eate<br \/>\nou n&rsquo;est-ce qu&rsquo;un rocher ? <\/p>\n<p>peu importe, c&rsquo;est l\u00e0 que je reviens<br \/>\net seule cherche encore : la hutte au toit de plexiglas ray\u00e9<br \/>\ndonnant sur le ciel bleu tr\u00e8s haut<br \/>\nun homme vieux qui ne sort pas,<br \/>\nexamine<br \/>\n\u00e0 sa fa\u00e7on de fouisseur, de rat<br \/>\nde quelle fa\u00e7on rien ne se m\u00e9lange<br \/>\ntout est toujours juxtapos\u00e9.<\/p>\n","protected":false},"excerpt":{"rendered":"<p>Ce chemin existe vraiment, ici. En fait c&rsquo;est une route, passant derri\u00e8re la montagne de roches brutes, de maquis et de pins. Il est du c\u00f4t\u00e9 nord, moins construit, moins fr\u00e9quent\u00e9. Les pins sont plus hauts, les bruits diff\u00e9rents. Les (&hellip;)<\/p>\n<p><a href=\"https:\/\/www.angle-vivant.net\/claireceira\/chemin-de-lubac\/\">Read the rest of this entry &raquo;<\/a><\/p>\n","protected":false},"author":1,"featured_media":0,"comment_status":"open","ping_status":"open","sticky":false,"template":"","format":"standard","meta":{"footnotes":""},"categories":[5],"tags":[],"class_list":["post-135","post","type-post","status-publish","format-standard","hentry","category-chemin-de-lubac"],"_links":{"self":[{"href":"https:\/\/www.angle-vivant.net\/claireceira\/wp-json\/wp\/v2\/posts\/135","targetHints":{"allow":["GET"]}}],"collection":[{"href":"https:\/\/www.angle-vivant.net\/claireceira\/wp-json\/wp\/v2\/posts"}],"about":[{"href":"https:\/\/www.angle-vivant.net\/claireceira\/wp-json\/wp\/v2\/types\/post"}],"author":[{"embeddable":true,"href":"https:\/\/www.angle-vivant.net\/claireceira\/wp-json\/wp\/v2\/users\/1"}],"replies":[{"embeddable":true,"href":"https:\/\/www.angle-vivant.net\/claireceira\/wp-json\/wp\/v2\/comments?post=135"}],"version-history":[{"count":12,"href":"https:\/\/www.angle-vivant.net\/claireceira\/wp-json\/wp\/v2\/posts\/135\/revisions"}],"predecessor-version":[{"id":2600,"href":"https:\/\/www.angle-vivant.net\/claireceira\/wp-json\/wp\/v2\/posts\/135\/revisions\/2600"}],"wp:attachment":[{"href":"https:\/\/www.angle-vivant.net\/claireceira\/wp-json\/wp\/v2\/media?parent=135"}],"wp:term":[{"taxonomy":"category","embeddable":true,"href":"https:\/\/www.angle-vivant.net\/claireceira\/wp-json\/wp\/v2\/categories?post=135"},{"taxonomy":"post_tag","embeddable":true,"href":"https:\/\/www.angle-vivant.net\/claireceira\/wp-json\/wp\/v2\/tags?post=135"}],"curies":[{"name":"wp","href":"https:\/\/api.w.org\/{rel}","templated":true}]}}