{"id":1345,"date":"2014-10-14T19:00:21","date_gmt":"2014-10-14T19:00:21","guid":{"rendered":"https:\/\/www.angle-vivant.net\/claireceira\/?p=1345"},"modified":"2016-12-04T16:52:26","modified_gmt":"2016-12-04T16:52:26","slug":"appuis-une-lettre-3","status":"publish","type":"post","link":"https:\/\/www.angle-vivant.net\/claireceira\/appuis-une-lettre-3\/","title":{"rendered":"appuis"},"content":{"rendered":"<p>des mots (\u00e9crits) forment deux phrases br\u00e8ves<br \/>\nqui reposent les fondations<br \/>\nvous donnent une pouss\u00e9e en arri\u00e8re. <\/p>\n<p>et quelque chose se r\u00e9chauffe, circule<br \/>\nentre les parois int\u00e9rieures du thorax<br \/>\ndans la haute chemin\u00e9e imaginaire<br \/>\ndu m\u00e9diastin.<\/p>\n<p>le pouvoir des mots, c\u2019est la voix interne<br \/>\n(ce n\u2019est pas soi)<br \/>\nc\u2019est une voix qui est entr\u00e9e<br \/>\npar la fente des yeux lisant<br \/>\non a senti la couleur<br \/>\nenvahir tout l\u2019ovale du blanc<br \/>\net la forme obscure des cils, comme lisi\u00e8re<br \/>\na bord\u00e9, prot\u00e9g\u00e9<br \/>\nl\u2019entr\u00e9e, l&rsquo;arriv\u00e9e des mots.<\/p>\n<p>on est appuy\u00e9<br \/>\naux surfaces verticales<br \/>\nalentour et vraiment assis<br \/>\npar les mots &#8211; par leur sens.<\/p>\n<p>comme un man\u00e8ge<br \/>\na besoin d\u2019un socle stable pour tourner<br \/>\ntourner et r\u00e9v\u00e9ler tout<br \/>\nalentour<\/p>\n<p>mais aucun vertige, ces mots vous ont rendu stable<br \/>\net ainsi on peut tourner et tout voir\u2026<br \/>\nune lumi\u00e8re qui contient les couleurs coule, les couleurs vues en naissant.<\/p>\n<p>c\u2019est l\u2019effet que font les mots<br \/>\ndisant quelque chose d\u2019inconnu<br \/>\nquand ils ont \u00e9t\u00e9 \u00e9crits puis lus<br \/>\net qu\u2019on les sent<br \/>\nexactement tels qu\u2019ils devaient \u00eatre.<\/p>\n<p><img decoding=\"async\" src=\"https:\/\/lh5.googleusercontent.com\/-ln7T0gOqvUE\/VFj7IcoLT5I\/AAAAAAAAAIY\/kFOHMVNMPF4\/h120\/biblioth%C3%A8que.JPG\" alt=\"\" \/><\/p>\n","protected":false},"excerpt":{"rendered":"<p>des mots (\u00e9crits) forment deux phrases br\u00e8ves qui reposent les fondations vous donnent une pouss\u00e9e en arri\u00e8re. et quelque chose se r\u00e9chauffe, circule entre les parois int\u00e9rieures du thorax dans la haute chemin\u00e9e imaginaire du m\u00e9diastin. le pouvoir des mots, (&hellip;)<\/p>\n<p><a href=\"https:\/\/www.angle-vivant.net\/claireceira\/appuis-une-lettre-3\/\">Read the rest of this entry &raquo;<\/a><\/p>\n","protected":false},"author":1,"featured_media":0,"comment_status":"open","ping_status":"closed","sticky":false,"template":"","format":"standard","meta":{"footnotes":""},"categories":[1],"tags":[],"class_list":["post-1345","post","type-post","status-publish","format-standard","hentry","category-non-classe"],"_links":{"self":[{"href":"https:\/\/www.angle-vivant.net\/claireceira\/wp-json\/wp\/v2\/posts\/1345","targetHints":{"allow":["GET"]}}],"collection":[{"href":"https:\/\/www.angle-vivant.net\/claireceira\/wp-json\/wp\/v2\/posts"}],"about":[{"href":"https:\/\/www.angle-vivant.net\/claireceira\/wp-json\/wp\/v2\/types\/post"}],"author":[{"embeddable":true,"href":"https:\/\/www.angle-vivant.net\/claireceira\/wp-json\/wp\/v2\/users\/1"}],"replies":[{"embeddable":true,"href":"https:\/\/www.angle-vivant.net\/claireceira\/wp-json\/wp\/v2\/comments?post=1345"}],"version-history":[{"count":32,"href":"https:\/\/www.angle-vivant.net\/claireceira\/wp-json\/wp\/v2\/posts\/1345\/revisions"}],"predecessor-version":[{"id":2489,"href":"https:\/\/www.angle-vivant.net\/claireceira\/wp-json\/wp\/v2\/posts\/1345\/revisions\/2489"}],"wp:attachment":[{"href":"https:\/\/www.angle-vivant.net\/claireceira\/wp-json\/wp\/v2\/media?parent=1345"}],"wp:term":[{"taxonomy":"category","embeddable":true,"href":"https:\/\/www.angle-vivant.net\/claireceira\/wp-json\/wp\/v2\/categories?post=1345"},{"taxonomy":"post_tag","embeddable":true,"href":"https:\/\/www.angle-vivant.net\/claireceira\/wp-json\/wp\/v2\/tags?post=1345"}],"curies":[{"name":"wp","href":"https:\/\/api.w.org\/{rel}","templated":true}]}}