{"id":1299,"date":"2014-07-13T10:16:18","date_gmt":"2014-07-13T10:16:18","guid":{"rendered":"https:\/\/www.angle-vivant.net\/claireceira\/?p=1299"},"modified":"2014-10-24T19:38:52","modified_gmt":"2014-10-24T19:38:52","slug":"jai-pris-une-photo","status":"publish","type":"post","link":"https:\/\/www.angle-vivant.net\/claireceira\/jai-pris-une-photo\/","title":{"rendered":"deux photos"},"content":{"rendered":"<p> Il y a une colonne<br \/>\n qui supporte une galerie couverte<br \/>\n une cour dall\u00e9e &#8211; un arc en plein cintre.<br \/>\n une fillette floue<br \/>\n tourn\u00e9e de l\u2019autre c\u00f4t\u00e9<br \/>\n l\u00e8ve le bras.<\/p>\n<p> Tout ce qui \u00e9tait l\u00e0, dans la lumi\u00e8re fossile du jour<br \/>\n a d\u00e9j\u00e0 disparu quand tu revois la photo<br \/>\n mais l\u2019architecture et la paroi des vitres,<br \/>\n d\u2019o\u00f9 coulait vers l\u2019int\u00e9rieur cette lumi\u00e8re de fin de journ\u00e9e<br \/>\n (membrane transparente qui d\u00e9finit l\u2019int\u00e9rieur)<br \/>\n persistent sans doute,<br \/>\n existent encore.<\/p>\n<p> la cour n\u2019est pas isol\u00e9e vraiment<br \/>\n il y a un passage&#8230;<br \/>\n et na\u00eet l&rsquo;histoire<br \/>\n de la fillette floue et de son petit chien<br \/>\n qu&rsquo;elle \u00e9tait all\u00e9e promener<br \/>\n par les rues intimes de sa ville<br \/>\n vers cette cour,<br \/>\n passant sous l&rsquo;arc en plein cintre.<\/p>\n<p> ville o\u00f9 auraient peut-\u00eatre v\u00e9cu<br \/>\n ses grand-parents paternels<br \/>\n depuis les ann\u00e9es soixante.<\/p>\n<p><strong><\/p>\n<p> Il leur arrivait alors<br \/>\n de passer une heure calme<br \/>\n dans ce qui \u00e9tait encore un caf\u00e9<br \/>\n assis \u00e0 parler dans la pi\u00e8ce sombre<\/p>\n<p> et tout en parlant ils regardaient dehors<br \/>\n c&rsquo;\u00e9tait &#8211; qui sait ? &#8211; le printemps,<br \/>\n fixant sans le voir<br \/>\n l&rsquo;espace exact o\u00f9 se tiendraient<br \/>\n quarante ans plus tard leur petite-fille<br \/>\n et son chien roux.<\/strong><\/p>\n<p> \u00b0\u00b0\u00b0\u00b0\u00b0\u00b0\u00b0\u00b0\u00b0\u00b0\u00b0\u00b0\u00b0\u00b0<\/p>\n<p><em><br \/>\n Il y a une \u00e9paisse colonne<br \/>\n qui supporte la galerie, une cour<br \/>\n dall\u00e9e, un arc en plein cintre<\/p>\n<p> un punk avec son chien &#8211; flou<br \/>\n est tourn\u00e9 de l\u2019autre c\u00f4t\u00e9<br \/>\n il l\u00e8ve \u00e0 demi le bras.<\/p>\n<p> Beaucoup de ce qui \u00e9tait l\u00e0<br \/>\n dans la lumi\u00e8re fossile du jour<br \/>\n a d\u00e9j\u00e0 disparu quand tu regardes<br \/>\n mais la paroi fragile des vitres<br \/>\n d\u2019o\u00f9 coulait vers l\u2019int\u00e9rieur<br \/>\n la lumi\u00e8re de fin de journ\u00e9e<br \/>\n (membrane transparente entre dedans et dehors)<br \/>\n elle persiste sans doute, elle existe.<\/p>\n<p> La cour n\u2019est pas vraiment isol\u00e9e<br \/>\n on y entre par un passage<br \/>\n \u00e9troit depuis la rue &#8211; l\u2019impression<br \/>\n d&rsquo;intimit\u00e9 est pourtant l\u00e0, sensible.<\/p>\n<p> On peut m\u00eame construire une histoire<br \/>\n du gar\u00e7on et de son chien<br \/>\n qui auraient err\u00e9 tout le jour<br \/>\n par les rues de cette ville<br \/>\n jusqu&rsquo;\u00e0 la cour retir\u00e9e tranquille<br \/>\n qu&rsquo;il ne connaissait pas, passant<br \/>\n sous l&rsquo;arc en plein cintre.<\/p>\n<p> Ville o\u00f9 il le saurait, autrefois<br \/>\n auraient v\u00e9cu ses grand-parents maternels<br \/>\n d\u00e8s la fin des ann\u00e9es soixante.<\/p>\n<p> Passant jadis une fin de journ\u00e9e<br \/>\n derri\u00e8re ces vitres, assis \u00e0 parler<br \/>\n dans cette pi\u00e8ce qu&rsquo;on devine,<br \/>\n qui \u00e9tait alors un vieux caf\u00e9,<br \/>\n et o\u00f9 il n&rsquo;entrera jamais.<\/p>\n<p> Tout en parlant ils auraient regard\u00e9<br \/>\n au dehors. Ce serait peut-\u00eatre<br \/>\n le printemps&#8230;..fixant sans le voir<br \/>\n l&rsquo;espace vide o\u00f9 se tiendraient<br \/>\n quarante ans plus tard, d\u00e9rivants, leur<br \/>\n petit-fils ivre et son chien.<br \/>\n<\/em><\/p>\n","protected":false},"excerpt":{"rendered":"<p>Il y a une colonne qui supporte une galerie couverte une cour dall\u00e9e &#8211; un arc en plein cintre. une fillette floue tourn\u00e9e de l\u2019autre c\u00f4t\u00e9 l\u00e8ve le bras. Tout ce qui \u00e9tait l\u00e0, dans la lumi\u00e8re fossile du jour (&hellip;)<\/p>\n<p><a href=\"https:\/\/www.angle-vivant.net\/claireceira\/jai-pris-une-photo\/\">Read the rest of this entry &raquo;<\/a><\/p>\n","protected":false},"author":1,"featured_media":0,"comment_status":"open","ping_status":"closed","sticky":false,"template":"","format":"standard","meta":{"footnotes":""},"categories":[1],"tags":[],"class_list":["post-1299","post","type-post","status-publish","format-standard","hentry","category-non-classe"],"_links":{"self":[{"href":"https:\/\/www.angle-vivant.net\/claireceira\/wp-json\/wp\/v2\/posts\/1299","targetHints":{"allow":["GET"]}}],"collection":[{"href":"https:\/\/www.angle-vivant.net\/claireceira\/wp-json\/wp\/v2\/posts"}],"about":[{"href":"https:\/\/www.angle-vivant.net\/claireceira\/wp-json\/wp\/v2\/types\/post"}],"author":[{"embeddable":true,"href":"https:\/\/www.angle-vivant.net\/claireceira\/wp-json\/wp\/v2\/users\/1"}],"replies":[{"embeddable":true,"href":"https:\/\/www.angle-vivant.net\/claireceira\/wp-json\/wp\/v2\/comments?post=1299"}],"version-history":[{"count":30,"href":"https:\/\/www.angle-vivant.net\/claireceira\/wp-json\/wp\/v2\/posts\/1299\/revisions"}],"predecessor-version":[{"id":1410,"href":"https:\/\/www.angle-vivant.net\/claireceira\/wp-json\/wp\/v2\/posts\/1299\/revisions\/1410"}],"wp:attachment":[{"href":"https:\/\/www.angle-vivant.net\/claireceira\/wp-json\/wp\/v2\/media?parent=1299"}],"wp:term":[{"taxonomy":"category","embeddable":true,"href":"https:\/\/www.angle-vivant.net\/claireceira\/wp-json\/wp\/v2\/categories?post=1299"},{"taxonomy":"post_tag","embeddable":true,"href":"https:\/\/www.angle-vivant.net\/claireceira\/wp-json\/wp\/v2\/tags?post=1299"}],"curies":[{"name":"wp","href":"https:\/\/api.w.org\/{rel}","templated":true}]}}