{"id":1293,"date":"2014-07-07T14:25:24","date_gmt":"2014-07-07T14:25:24","guid":{"rendered":"https:\/\/www.angle-vivant.net\/claireceira\/?p=1293"},"modified":"2014-07-13T10:20:10","modified_gmt":"2014-07-13T10:20:10","slug":"des-surfaces","status":"publish","type":"post","link":"https:\/\/www.angle-vivant.net\/claireceira\/des-surfaces\/","title":{"rendered":"suite des surfaces"},"content":{"rendered":"<p><em><strong>1<br \/>\n<\/strong><br \/>\n<\/em><\/p>\n<p>c\u2019est comme si j\u2019avais vu les os du monde<br \/>\nquand le vent ne soufflait plus<br \/>\ndebout au bord du plateau<br \/>\nau bord des dents de la falaise<br \/>\n&#8211; comme s\u2019il avait pel\u00e9 l\u2019herbe, aspir\u00e9 les lacs glac\u00e9s<br \/>\net arrach\u00e9 la chair des montagnes<br \/>\npour l\u2019adresser au ciel en poussi\u00e8re.<\/p>\n<p>les grands os parlaient de la vie du monde<br \/>\nceux des jambes comment sauter, les os du thorax comment respirer<br \/>\net les splendeurs lumineuses des phalanges<br \/>\ncomment tout saisir et tout retourner<br \/>\nje voyais tout<br \/>\nil suffisait d\u2019attendre.<\/p>\n<p><strong><em>2<br \/>\n<\/em><\/strong><\/p>\n<p>nous \u00e9tions l\u00e0 les yeux ouverts<br \/>\ntroubl\u00e9s, encore adapt\u00e9s \u00e0 l\u2019eau<br \/>\navec nos os de cartilage, la petite langue vivace et muette<br \/>\ndans cette identit\u00e9 de p\u00e9nombre<br \/>\ntout \u00e9tait pr\u00eat<br \/>\n\u00e0 s\u2019inscrire.<\/p>\n<p>eux se perdaient dans les miroirs<br \/>\npetits, convexes, entre nos paupi\u00e8res<br \/>\nils nommaient pr\u00e9nommaient<br \/>\nleurs mots tombaient sous la surface<br \/>\nc\u2019\u00e9tait comme un puits pour eux.<\/p>\n<p>humains en m\u00e9tamorphose<br \/>\nnous \u00e9tions leurs petits \u00e9tions le contenu<br \/>\ndepuis toujours attendu<br \/>\nde leurs bras du r\u00eave.<\/p>\n<p><strong><em>3<br \/>\n<\/em><\/strong><\/p>\n<p>errant sans but<br \/>\n\u00e0 la fin d\u2019une journ\u00e9e d\u2019hiver<br \/>\ntu entres dans la cath\u00e9drale<br \/>\nde ton propre visage tu te mets en arr\u00eat.<\/p>\n<p>derri\u00e8re les paupi\u00e8res luit le vitrail<br \/>\nla croix au fond sombre de la nef<br \/>\nrepose, repose enfin le sauveur<br \/>\nque rien n\u2019a sauv\u00e9.<\/p>\n<p>reposent toutes les statues de bois<br \/>\nt\u00eate pench\u00e9e<br \/>\nau-del\u00e0 de l\u2019attention.<\/p>\n<p>certains sont l\u00e0 avec une lumi\u00e8re<br \/>\ndans la main<br \/>\nrouge.<\/p>\n<p><strong><em>4<br \/>\n<\/em><\/strong><\/p>\n<p>sur ce bout de trottoir plus plane qu\u2019ailleurs<br \/>\nciment fra\u00eechement liss\u00e9 peu sali &#8211; sans effritement<br \/>\nl\u2019enfant a vu les anfractuosit\u00e9s<br \/>\ndont il a fait les yeux<br \/>\nde son animal-moi<\/p>\n<p>tout au fond est cach\u00e9 ce qu\u2019on pourrait lui dire<br \/>\nlui murmurer ou m\u00eame la simple pens\u00e9e<br \/>\nqui \u00e9chappe \u00e0 tous<br \/>\net reste<br \/>\ndans ses yeux las et sans d\u00e9fense<\/p>\n<p>l\u2019animal-moi est dans le trottoir<br \/>\nje le vois me voir tous les jours<br \/>\nen partant<br \/>\n\u00e0 travers le matin gris.<\/p>\n<p><strong><em>5<br \/>\n<\/em><\/strong><\/p>\n<p>dans quel sens il marche<br \/>\ndos tourn\u00e9 \u00e0 la violente fl\u00e8che<br \/>\ndu soleil &#8211; ou guid\u00e9 les yeux trop \u00e9blouis<br \/>\nil marche dans une cour bord\u00e9e<br \/>\nde hauts immeubles au sol rainur\u00e9<br \/>\nla diagonale du soleil &#8211; le V de la fl\u00e8che<br \/>\nombre et lumi\u00e8re et ses noirs \u00e0 lui<br \/>\nau bord du milieu.<\/p>\n<p><em>(les po\u00e8mes 2 ; 3 ; 4 ; 5 ont \u00e9t\u00e9 inspir\u00e9s par des photographies de Pierre Anselmet)<br \/>\n<\/em><\/p>\n","protected":false},"excerpt":{"rendered":"<p>1 c\u2019est comme si j\u2019avais vu les os du monde quand le vent ne soufflait plus debout au bord du plateau au bord des dents de la falaise &#8211; comme s\u2019il avait pel\u00e9 l\u2019herbe, aspir\u00e9 les lacs glac\u00e9s et arrach\u00e9 (&hellip;)<\/p>\n<p><a href=\"https:\/\/www.angle-vivant.net\/claireceira\/des-surfaces\/\">Read the rest of this entry &raquo;<\/a><\/p>\n","protected":false},"author":1,"featured_media":0,"comment_status":"open","ping_status":"closed","sticky":false,"template":"","format":"standard","meta":{"footnotes":""},"categories":[1],"tags":[],"class_list":["post-1293","post","type-post","status-publish","format-standard","hentry","category-non-classe"],"_links":{"self":[{"href":"https:\/\/www.angle-vivant.net\/claireceira\/wp-json\/wp\/v2\/posts\/1293","targetHints":{"allow":["GET"]}}],"collection":[{"href":"https:\/\/www.angle-vivant.net\/claireceira\/wp-json\/wp\/v2\/posts"}],"about":[{"href":"https:\/\/www.angle-vivant.net\/claireceira\/wp-json\/wp\/v2\/types\/post"}],"author":[{"embeddable":true,"href":"https:\/\/www.angle-vivant.net\/claireceira\/wp-json\/wp\/v2\/users\/1"}],"replies":[{"embeddable":true,"href":"https:\/\/www.angle-vivant.net\/claireceira\/wp-json\/wp\/v2\/comments?post=1293"}],"version-history":[{"count":6,"href":"https:\/\/www.angle-vivant.net\/claireceira\/wp-json\/wp\/v2\/posts\/1293\/revisions"}],"predecessor-version":[{"id":1304,"href":"https:\/\/www.angle-vivant.net\/claireceira\/wp-json\/wp\/v2\/posts\/1293\/revisions\/1304"}],"wp:attachment":[{"href":"https:\/\/www.angle-vivant.net\/claireceira\/wp-json\/wp\/v2\/media?parent=1293"}],"wp:term":[{"taxonomy":"category","embeddable":true,"href":"https:\/\/www.angle-vivant.net\/claireceira\/wp-json\/wp\/v2\/categories?post=1293"},{"taxonomy":"post_tag","embeddable":true,"href":"https:\/\/www.angle-vivant.net\/claireceira\/wp-json\/wp\/v2\/tags?post=1293"}],"curies":[{"name":"wp","href":"https:\/\/api.w.org\/{rel}","templated":true}]}}