{"id":1272,"date":"2014-06-16T08:19:51","date_gmt":"2014-06-16T08:19:51","guid":{"rendered":"https:\/\/www.angle-vivant.net\/claireceira\/?p=1272"},"modified":"2016-08-31T10:21:49","modified_gmt":"2016-08-31T10:21:49","slug":"a-partir-dune-photo","status":"publish","type":"post","link":"https:\/\/www.angle-vivant.net\/claireceira\/a-partir-dune-photo\/","title":{"rendered":"2 fins, au choix"},"content":{"rendered":"<p style=\"text-align: left;\">la nuit tombait vraiment.<br \/>\nelle marchait \u00e0 c\u00f4t\u00e9 de moi sans r\u00e9pondre<br \/>\net j&rsquo;\u00e9tais si \u00e9treint de ce silence<br \/>\nenvahi de ce que j&rsquo;avais p\u00e9niblement sorti de moi<br \/>\nde ce que j&rsquo;avais r\u00e9ussi \u00e0 dire<br \/>\nque je ne pouvais pas lever les yeux vers son visage.<\/p>\n<p>elle \u00e9tait encore v\u00eatue de noir, ce soir-l\u00e0<br \/>\ncomme tant de filles de son \u00e2ge<br \/>\nla main blanche<br \/>\nles jambes perdues dans l&rsquo;ombre qui monte<br \/>\nle sol se d\u00e9roulait sous nos pas<br \/>\ngravier, herbes.<\/p>\n<p style=\"text-align: center;\">1<\/p>\n<p style=\"text-align: center;\">elle tirait bri\u00e8vement sur sa cigarette,<br \/>\ntapotait la cendre, \u00e0 sa mani\u00e8re<br \/>\net j&rsquo;ai soudain ressenti que c&rsquo;\u00e9tait le dernier morceau de temps<br \/>\nqui existait entre nous<br \/>\nce fin cylindre blanc<br \/>\nqui se consumait, sa braise rouge.<\/p>\n<p style=\"text-align: center;\">En approchant du perron<br \/>\nelle a \u00e9cras\u00e9 le m\u00e9got sur le ciment rugueux<br \/>\net mont\u00e9 les marches<br \/>\nsans un mot.<\/p>\n<p style=\"text-align: right;\"><em><br \/>\n2<\/em><\/p>\n<p style=\"text-align: right;\">le sentier menait au bord d&rsquo;une sorte de longue terrasse<br \/>\nla nuit remplissait tout l&rsquo;espace au-dessous,<br \/>\nje suis rest\u00e9 en retrait du rebord, auquel elle s&rsquo;accoudait.<\/p>\n<p style=\"text-align: right;\">le temps que nous avions pass\u00e9 ensemble, si long<br \/>\nressemblait \u00e0 cet espace sombre et profond<br \/>\nqu&rsquo;elle surplombait<br \/>\nelle a tir\u00e9 sur sa cigarette,<br \/>\nje voyais son profil \u00e9clair\u00e9 bri\u00e8vement,<br \/>\npuis elle a dit,<br \/>\ncomme parlant \u00e0 la nuit en bas :<br \/>\n\u00ab\u00a0c&rsquo;est pas si grave, non ?\u00a0\u00bb<\/p>\n<p><img decoding=\"async\" alt=\"null\" src=\"http:\/\/delivre.net\/images\/uploaded\/20140613002852539a45c4f18fa.jpg\" \/><\/p>\n","protected":false},"excerpt":{"rendered":"<p>la nuit tombait vraiment. elle marchait \u00e0 c\u00f4t\u00e9 de moi sans r\u00e9pondre et j&rsquo;\u00e9tais si \u00e9treint de ce silence envahi de ce que j&rsquo;avais p\u00e9niblement sorti de moi de ce que j&rsquo;avais r\u00e9ussi \u00e0 dire que je ne pouvais pas (&hellip;)<\/p>\n<p><a href=\"https:\/\/www.angle-vivant.net\/claireceira\/a-partir-dune-photo\/\">Read the rest of this entry &raquo;<\/a><\/p>\n","protected":false},"author":1,"featured_media":0,"comment_status":"open","ping_status":"closed","sticky":false,"template":"","format":"standard","meta":{"footnotes":""},"categories":[1],"tags":[],"class_list":["post-1272","post","type-post","status-publish","format-standard","hentry","category-non-classe"],"_links":{"self":[{"href":"https:\/\/www.angle-vivant.net\/claireceira\/wp-json\/wp\/v2\/posts\/1272","targetHints":{"allow":["GET"]}}],"collection":[{"href":"https:\/\/www.angle-vivant.net\/claireceira\/wp-json\/wp\/v2\/posts"}],"about":[{"href":"https:\/\/www.angle-vivant.net\/claireceira\/wp-json\/wp\/v2\/types\/post"}],"author":[{"embeddable":true,"href":"https:\/\/www.angle-vivant.net\/claireceira\/wp-json\/wp\/v2\/users\/1"}],"replies":[{"embeddable":true,"href":"https:\/\/www.angle-vivant.net\/claireceira\/wp-json\/wp\/v2\/comments?post=1272"}],"version-history":[{"count":15,"href":"https:\/\/www.angle-vivant.net\/claireceira\/wp-json\/wp\/v2\/posts\/1272\/revisions"}],"predecessor-version":[{"id":2212,"href":"https:\/\/www.angle-vivant.net\/claireceira\/wp-json\/wp\/v2\/posts\/1272\/revisions\/2212"}],"wp:attachment":[{"href":"https:\/\/www.angle-vivant.net\/claireceira\/wp-json\/wp\/v2\/media?parent=1272"}],"wp:term":[{"taxonomy":"category","embeddable":true,"href":"https:\/\/www.angle-vivant.net\/claireceira\/wp-json\/wp\/v2\/categories?post=1272"},{"taxonomy":"post_tag","embeddable":true,"href":"https:\/\/www.angle-vivant.net\/claireceira\/wp-json\/wp\/v2\/tags?post=1272"}],"curies":[{"name":"wp","href":"https:\/\/api.w.org\/{rel}","templated":true}]}}