{"id":1268,"date":"2014-05-12T15:21:00","date_gmt":"2014-05-12T15:21:00","guid":{"rendered":"https:\/\/www.angle-vivant.net\/claireceira\/?p=1268"},"modified":"2016-09-16T16:45:56","modified_gmt":"2016-09-16T16:45:56","slug":"le-livre","status":"publish","type":"post","link":"https:\/\/www.angle-vivant.net\/claireceira\/le-livre\/","title":{"rendered":"Le livre"},"content":{"rendered":"<p> la porte n&rsquo;est pas ferm\u00e9e<br \/>\n laisse passer les sons<br \/>\n et aussi<br \/>\n vision \u00e9troite, furtive d&rsquo;une \u00e9paule<br \/>\n d&rsquo;un bras et sa main.<br \/>\n on n&rsquo;entend que les bruits l\u00e9gers :<br \/>\n les mouvements du corps dans la pi\u00e8ce<br \/>\n un objet d\u00e9plac\u00e9.<\/p>\n<p> tu t&rsquo;assieds<br \/>\n dans ce fauteuil \u00e0 l&rsquo;angle<br \/>\n dans la lumi\u00e8re de la fen\u00eatre<br \/>\n qui donne sur un jardin.<br \/>\n lis-tu ? c&rsquo;est le matin<br \/>\n la journ\u00e9e est comme une bulle offerte<br \/>\n o\u00f9 le temps ne s&rsquo;\u00e9coule pas.<br \/>\n la lumi\u00e8re du matin de printemps<br \/>\n traverse les vitres, limpide<br \/>\n et baigne le livre blanc<br \/>\n ouvert sur ton genou.<br \/>\n je suis l\u00e0, absente.<\/p>\n","protected":false},"excerpt":{"rendered":"<p>la porte n&rsquo;est pas ferm\u00e9e laisse passer les sons et aussi vision \u00e9troite, furtive d&rsquo;une \u00e9paule d&rsquo;un bras et sa main. on n&rsquo;entend que les bruits l\u00e9gers : les mouvements du corps dans la pi\u00e8ce un objet d\u00e9plac\u00e9. tu t&rsquo;assieds (&hellip;)<\/p>\n<p><a href=\"https:\/\/www.angle-vivant.net\/claireceira\/le-livre\/\">Read the rest of this entry &raquo;<\/a><\/p>\n","protected":false},"author":1,"featured_media":0,"comment_status":"open","ping_status":"closed","sticky":false,"template":"","format":"standard","meta":{"footnotes":""},"categories":[23],"tags":[],"class_list":["post-1268","post","type-post","status-publish","format-standard","hentry","category-etre-seul-etre-ensemble"],"_links":{"self":[{"href":"https:\/\/www.angle-vivant.net\/claireceira\/wp-json\/wp\/v2\/posts\/1268","targetHints":{"allow":["GET"]}}],"collection":[{"href":"https:\/\/www.angle-vivant.net\/claireceira\/wp-json\/wp\/v2\/posts"}],"about":[{"href":"https:\/\/www.angle-vivant.net\/claireceira\/wp-json\/wp\/v2\/types\/post"}],"author":[{"embeddable":true,"href":"https:\/\/www.angle-vivant.net\/claireceira\/wp-json\/wp\/v2\/users\/1"}],"replies":[{"embeddable":true,"href":"https:\/\/www.angle-vivant.net\/claireceira\/wp-json\/wp\/v2\/comments?post=1268"}],"version-history":[{"count":5,"href":"https:\/\/www.angle-vivant.net\/claireceira\/wp-json\/wp\/v2\/posts\/1268\/revisions"}],"predecessor-version":[{"id":2270,"href":"https:\/\/www.angle-vivant.net\/claireceira\/wp-json\/wp\/v2\/posts\/1268\/revisions\/2270"}],"wp:attachment":[{"href":"https:\/\/www.angle-vivant.net\/claireceira\/wp-json\/wp\/v2\/media?parent=1268"}],"wp:term":[{"taxonomy":"category","embeddable":true,"href":"https:\/\/www.angle-vivant.net\/claireceira\/wp-json\/wp\/v2\/categories?post=1268"},{"taxonomy":"post_tag","embeddable":true,"href":"https:\/\/www.angle-vivant.net\/claireceira\/wp-json\/wp\/v2\/tags?post=1268"}],"curies":[{"name":"wp","href":"https:\/\/api.w.org\/{rel}","templated":true}]}}