{"id":1267,"date":"2014-03-17T11:41:36","date_gmt":"2014-03-17T11:41:36","guid":{"rendered":"https:\/\/www.angle-vivant.net\/claireceira\/?p=1267"},"modified":"2014-07-07T11:05:19","modified_gmt":"2014-07-07T11:05:19","slug":"limbes","status":"publish","type":"post","link":"https:\/\/www.angle-vivant.net\/claireceira\/limbes\/","title":{"rendered":"Limbes"},"content":{"rendered":"<p><strong><em>1<br \/>\n<\/em><\/strong><\/p>\n<p>parfois s\u2019ouvrir &#8211; comme fait une \u00e9caille &#8211; dans des mains<br \/>\npara\u00eetre vraiment avec ses os, dans les lumi\u00e8res<br \/>\nqui balaient, en franges d\u2019un bleu pers<br \/>\n&#8211; cils sur les yeux baiss\u00e9s &#8211;<br \/>\nle bord du tableau<br \/>\nviolet et tach\u00e9 d\u2019ocre<\/p>\n<p>dans le silence, le long d&rsquo;une main<br \/>\ndans l\u2019eau<br \/>\net sous la frange inf\u00e9rieure des arbres et leur ombre<\/p>\n<p>&#8230;..<\/p>\n<p>se voir maintenant d\u00e9tach\u00e9 suivant un plan<br \/>\nqui monte et descend, celui des mar\u00e9es.<br \/>\nJe suis sur la plate-forme, perl\u00e9e de vase,<br \/>\nouverte comme un \u0153il, b\u00e9ante<br \/>\nouverte sur un dieu obscur<br \/>\n&#8211; dans l&rsquo;oubli des heures, petite cellule<br \/>\nperdue sous l\u2019\u0153il du jour.<\/p>\n<p>&#8230;..<\/p>\n<p>Ayant renonc\u00e9 aux os et aux coques, on voit bien clair tout ce qu\u2019on a \u00e9vit\u00e9<br \/>\nou perdu<br \/>\non voit ce que jamais on ne voyait avant :<br \/>\ncomment glisser du bord des pens\u00e9es<br \/>\nou des rives, pour s\u2019\u00e9vaporer.<\/p>\n<p>\u00eatre pareil \u00e0 un enfant<br \/>\nsous le ciel blanc des pays durs.<\/p>\n<p><strong><em>2<br \/>\n<\/em><\/strong><br \/>\nquelque chose passe au bord des cimeti\u00e8res, que les enfants sentent.<br \/>\nils ont leurs petits jeux, leurs pas sur le trajet, et suivent le bord du trottoir<br \/>\no\u00f9 se tient un homme tr\u00e8s grand &#8211; la lumi\u00e8re du soir glisse sur ses lunettes,<br \/>\ncachant ses yeux.<br \/>\nLes petits enfants n\u2019ont pas de temps \u00e0 perdre, un pied en haut<br \/>\nl\u2019autre dans le caniveau mouill\u00e9<br \/>\nils arrachent en passant des bouts de plastique<br \/>\net glissent leur regard entre deux grilles,<br \/>\nglissent leurs joues entre le froid des tiges de fer,<br \/>\nl\u2019eau coule sur les tiges noires. <\/p>\n<p>l\u2019homme pivote sur ses jambes, ne voit rien<br \/>\nde ce qui stagne ici au bord des grilles<br \/>\nsous leurs pointes et le long du ciment des tombes<br \/>\nni le long des rameaux, des arbres nus, des \u00e9corces<br \/>\nil est perdu derri\u00e8re ses lunettes (une seconde marqu\u00e9es d\u2019or).<\/p>\n<p>les enfants s\u2019arr\u00eatent<br \/>\nparlent entre eux un instant, puis partent. <\/p>\n<p><strong><em>3<br \/>\n<\/em><\/strong><\/p>\n<p>on va ainsi, les yeux pris dans la beaut\u00e9 des lumi\u00e8res, dans le ciel comme une tapisserie pendue on a les yeux lev\u00e9s vers les arbres, leurs tiges fines, leurs rang\u00e9es<br \/>\ncomme des foules debout sur le fil de l\u2019horizon, dans leur immobilit\u00e9.<\/p>\n<p>et je te retrouve toujours le long de la m\u00eame route, soufflant sur la plaine, encore pris dans l\u2019\u00e9change.<br \/>\ntu es comme une foule, venant depuis l\u2019autre c\u00f4t\u00e9, dans des ondulations &#8211; passant le seuil.<br \/>\nmartelant une pluie sur le toit de la v\u00e9randa<br \/>\ntiss\u00e9 dans le fil du temps, dans les heurts des jours<br \/>\ntu t\u2019introduis.<\/p>\n<p>impression d\u2019\u00eatre couch\u00e9 sur le flanc &#8211; comme un navire s\u2019\u00e9tend sur le lit des sables<br \/>\nun navire \u00e9tend ses jambes &#8211; dans son sommeil &#8211; laisse entrer<br \/>\n\u00e0 travers chaque pertuis marqu\u00e9 de rouille le plasma des eaux (longues traces verticales, roux sur fond gris)<br \/>\ntu poses la main sur sa coque lasse.<\/p>\n","protected":false},"excerpt":{"rendered":"<p>1 parfois s\u2019ouvrir &#8211; comme fait une \u00e9caille &#8211; dans des mains para\u00eetre vraiment avec ses os, dans les lumi\u00e8res qui balaient, en franges d\u2019un bleu pers &#8211; cils sur les yeux baiss\u00e9s &#8211; le bord du tableau violet et (&hellip;)<\/p>\n<p><a href=\"https:\/\/www.angle-vivant.net\/claireceira\/limbes\/\">Read the rest of this entry &raquo;<\/a><\/p>\n","protected":false},"author":1,"featured_media":0,"comment_status":"open","ping_status":"closed","sticky":false,"template":"","format":"standard","meta":{"footnotes":""},"categories":[1],"tags":[],"class_list":["post-1267","post","type-post","status-publish","format-standard","hentry","category-non-classe"],"_links":{"self":[{"href":"https:\/\/www.angle-vivant.net\/claireceira\/wp-json\/wp\/v2\/posts\/1267","targetHints":{"allow":["GET"]}}],"collection":[{"href":"https:\/\/www.angle-vivant.net\/claireceira\/wp-json\/wp\/v2\/posts"}],"about":[{"href":"https:\/\/www.angle-vivant.net\/claireceira\/wp-json\/wp\/v2\/types\/post"}],"author":[{"embeddable":true,"href":"https:\/\/www.angle-vivant.net\/claireceira\/wp-json\/wp\/v2\/users\/1"}],"replies":[{"embeddable":true,"href":"https:\/\/www.angle-vivant.net\/claireceira\/wp-json\/wp\/v2\/comments?post=1267"}],"version-history":[{"count":1,"href":"https:\/\/www.angle-vivant.net\/claireceira\/wp-json\/wp\/v2\/posts\/1267\/revisions"}],"predecessor-version":[{"id":1290,"href":"https:\/\/www.angle-vivant.net\/claireceira\/wp-json\/wp\/v2\/posts\/1267\/revisions\/1290"}],"wp:attachment":[{"href":"https:\/\/www.angle-vivant.net\/claireceira\/wp-json\/wp\/v2\/media?parent=1267"}],"wp:term":[{"taxonomy":"category","embeddable":true,"href":"https:\/\/www.angle-vivant.net\/claireceira\/wp-json\/wp\/v2\/categories?post=1267"},{"taxonomy":"post_tag","embeddable":true,"href":"https:\/\/www.angle-vivant.net\/claireceira\/wp-json\/wp\/v2\/tags?post=1267"}],"curies":[{"name":"wp","href":"https:\/\/api.w.org\/{rel}","templated":true}]}}