{"id":1253,"date":"2013-02-18T12:48:12","date_gmt":"2013-02-18T12:48:12","guid":{"rendered":"https:\/\/www.angle-vivant.net\/claireceira\/?p=549"},"modified":"2016-09-19T11:42:37","modified_gmt":"2016-09-19T11:42:37","slug":"la-rencontre-2","status":"publish","type":"post","link":"https:\/\/www.angle-vivant.net\/claireceira\/la-rencontre-2\/","title":{"rendered":"La rencontre"},"content":{"rendered":"<p><em>c\u2019est l\u2019apr\u00e8s-midi, en voiture sur une route \u00e0 lacets. Une femme parle \u00e0 la radio du livre qu\u2019elle vient d\u2019\u00e9crire, un livre consacr\u00e9 \u00e0 un homme qu\u2019elle n\u2019a vu que quelques secondes, un vieil homme inconnu, plut\u00f4t petit, qui sur le quai du m\u00e9tro de la station Gambetta lui a souri, d\u2019un sourire agr\u00e9able, lui a dit quelques mots (qu\u2019elle ne livre pas), et a saut\u00e9 devant la rame \u00e0 pleine vitesse.<br \/>\nCet \u00e9v\u00e8nement qui, dit-elle, l\u2019a \u00ab mise en mille morceaux \u00bb, il lui a fallu bien du temps pour le voir comme un message de vie, de cet inconnu dont elle ne saura jamais rien.<br \/>\nA la fin de l\u2019\u00e9mission elle a choisi \u00ab Live and let die \u00bb, des Beatles.<\/em><\/p>\n<p>\u2026\u2026\u2026\u2026\u2026\u2026\u2026<\/p>\n<p>\u00e0 l\u2019\u00e9corce, la pulpe dont est fait<br \/>\ncelui qu\u2019on rencontre<br \/>\n\u00e0 ce qui se partage sur le plateau des tables<br \/>\nl\u2019ombre d\u2019un verre transparent, en diagonale dans le soleil.<br \/>\n\u00e0 la fin de la conversation<br \/>\n\u00e0 l\u2019\u00e9cho dont les mots sont entour\u00e9s, et qu\u2019ils appellent<br \/>\nlongtemps apr\u00e8s, au-del\u00e0 de leur sens :<br \/>\ncomme des arbres : for\u00eat, troncs, futaie de mots, debout, oubli\u00e9s<br \/>\ngrands fr\u00e8res que baigne la lumi\u00e8re du haut<br \/>\nl\u2019exp\u00e9rience.<br \/>\n\u00e0 ce qui vient de moi et qui me revient,<br \/>\ncomme un boomerang ou un oiseau, issu de ma propre pulpe<br \/>\napr\u00e8s avoir fait le tour de celui qui se tait.<br \/>\nma pens\u00e9e glissant ses tentacules<br \/>\ndans les rainures de ses mots.<br \/>\n\u00e0 ce que j\u2019ai pu entendre ensuite, \u00e0 nouveau seule.<br \/>\nle bruit du monde peut-\u00eatre, du Monde-hors-de-moi, inarticul\u00e9.<br \/>\n\u2026\u2026\u2026\u2026\u2026\u2026\u2026\u2026.<br \/>\n<em>J\u2019ai \u00e9t\u00e9 frapp\u00e9e par ce r\u00e9cit (il s\u2019agissait de Mich\u00e8le Lesbre, parlant de \u00ab Ecoute la pluie \u00bb) ; je me suis dit que la rencontre est comme une pierre, qui vient trouer l\u2019eau de notre mare. Que faisons-nous des \u00e9chos de ce choc, de cette irruption ? de ces cercles qui s\u2019\u00e9largissent, qui vont si loin, jusqu\u2019au bord ; du mouvement dans les profondeurs, de la vase soulev\u00e9e ?<br \/>\nCet homme est venu devant elle avec une injonction : \u00ab fais quelque chose de moi, toujours vivant en toi \u00bb, avec ces quelques mots et son sourire\u2026et il est mort. C\u2019est parce qu\u2019il aimait les autres, s\u00fbrement, qu\u2019il n\u2019a pas choisi de sauter en baissant les yeux, en se cachant. Et c\u2019est \u00e0 cause de cet amour qu\u2019elle n\u2019a pas pu \u00eatre en repos pendant longtemps. J\u2019imagine la col\u00e8re qu\u2019elle a d\u00fb ressentir : \u00ab pourquoi tu me fais \u00e7a \u00e0 moi ? \u00bb. Mais elle a fait quelque chose de lui \u00ab vivant \u00bb.<br \/>\nL\u2019autre nous dit toujours : \u00ab d\u00e9brouille-toi de moi \u00bb. J\u2019ai beaucoup ressenti \u00e7a devant les tout petits b\u00e9b\u00e9s, les miens : \u00ab tu m\u2019as voulu, tu m\u2019as eu, maintenant il faut que tu te transformes pour moi \u00bb.<br \/>\nLa po\u00e9sie sait utiliser les mots de fa\u00e7on particuli\u00e8re pour dire l\u2019\u00e9cho, les cercles concentriques de la rencontre. Pas seulement des autres, celle du monde aussi. <\/em><br \/>\n\u2026\u2026\u2026\u2026\u2026\u2026.<br \/>\nPlus tard, en relisant le po\u00e8me, remonte mon plus vieux souvenir : purement sensoriel, un souvenir d\u2019entr\u00e9e dans le sommeil, une sorte de froissement soyeux \u00e0 l\u2019int\u00e9rieur de l\u2019oreille, et un contact de toile d\u2019araign\u00e9e\u2026..un bien-\u00eatre particulier que j\u2019ai longtemps tent\u00e9 de garder en m\u00e9moire enfant. Je me souviens que je me disais : il ne faut pas l\u2019oublier<\/p>\n","protected":false},"excerpt":{"rendered":"<p>c\u2019est l\u2019apr\u00e8s-midi, en voiture sur une route \u00e0 lacets. Une femme parle \u00e0 la radio du livre qu\u2019elle vient d\u2019\u00e9crire, un livre consacr\u00e9 \u00e0 un homme qu\u2019elle n\u2019a vu que quelques secondes, un vieil homme inconnu, plut\u00f4t petit, qui sur (&hellip;)<\/p>\n<p><a href=\"https:\/\/www.angle-vivant.net\/claireceira\/la-rencontre-2\/\">Read the rest of this entry &raquo;<\/a><\/p>\n","protected":false},"author":1,"featured_media":0,"comment_status":"open","ping_status":"closed","sticky":false,"template":"","format":"standard","meta":{"footnotes":""},"categories":[22,18],"tags":[],"class_list":["post-1253","post","type-post","status-publish","format-standard","hentry","category-la-voie-associative","category-strates"],"_links":{"self":[{"href":"https:\/\/www.angle-vivant.net\/claireceira\/wp-json\/wp\/v2\/posts\/1253","targetHints":{"allow":["GET"]}}],"collection":[{"href":"https:\/\/www.angle-vivant.net\/claireceira\/wp-json\/wp\/v2\/posts"}],"about":[{"href":"https:\/\/www.angle-vivant.net\/claireceira\/wp-json\/wp\/v2\/types\/post"}],"author":[{"embeddable":true,"href":"https:\/\/www.angle-vivant.net\/claireceira\/wp-json\/wp\/v2\/users\/1"}],"replies":[{"embeddable":true,"href":"https:\/\/www.angle-vivant.net\/claireceira\/wp-json\/wp\/v2\/comments?post=1253"}],"version-history":[{"count":6,"href":"https:\/\/www.angle-vivant.net\/claireceira\/wp-json\/wp\/v2\/posts\/1253\/revisions"}],"predecessor-version":[{"id":2298,"href":"https:\/\/www.angle-vivant.net\/claireceira\/wp-json\/wp\/v2\/posts\/1253\/revisions\/2298"}],"wp:attachment":[{"href":"https:\/\/www.angle-vivant.net\/claireceira\/wp-json\/wp\/v2\/media?parent=1253"}],"wp:term":[{"taxonomy":"category","embeddable":true,"href":"https:\/\/www.angle-vivant.net\/claireceira\/wp-json\/wp\/v2\/categories?post=1253"},{"taxonomy":"post_tag","embeddable":true,"href":"https:\/\/www.angle-vivant.net\/claireceira\/wp-json\/wp\/v2\/tags?post=1253"}],"curies":[{"name":"wp","href":"https:\/\/api.w.org\/{rel}","templated":true}]}}