{"id":1249,"date":"2012-08-11T12:07:40","date_gmt":"2012-08-11T12:07:40","guid":{"rendered":"https:\/\/www.angle-vivant.net\/claireceira\/?p=381"},"modified":"2016-12-13T10:49:40","modified_gmt":"2016-12-13T10:49:40","slug":"rideau-2-2","status":"publish","type":"post","link":"https:\/\/www.angle-vivant.net\/claireceira\/rideau-2-2\/","title":{"rendered":"tenture"},"content":{"rendered":"<p>c&rsquo;est dans son \u00e9paisseur<br \/>\n(demi-voile, d\u00e9voilement)<br \/>\nqu&rsquo;on peut vivre<br \/>\ntiss\u00e9 dans le temps, pr\u00e9sent ailleurs<br \/>\nsemblable aux mouvements qu&rsquo;on d\u00e9chiffre<br \/>\ndans les plis d&rsquo;un rideau. <\/p>\n<p>sanies<br \/>\nvin et p\u00e9tales<br \/>\npleuvent dans cette chambre,<br \/>\nleurs teintes riches, violac\u00e9es<br \/>\nqu&rsquo;on frotte entre deux doigts<br \/>\ndonnent au regard du repos<br \/>\n &#8211; le bonheur crie au loin.<\/p>\n<p>\u00e0 demi-d\u00e9ploy\u00e9 dans le soir<br \/>\ntendu verticalement avec ses grands plis :<br \/>\nentre la derni\u00e8re<br \/>\net la prochaine fois<br \/>\ncomme un album ouvert<br \/>\nla nuit qui s\u00e9pare deux jours<br \/>\nun doigt qui marque la page.<\/p>\n<p>son poids, ses couleurs br\u00fbl\u00e9es<br \/>\net cette verticalit\u00e9 de garde<br \/>\npendent largement pour \u00e9pargner l&rsquo;int\u00e9rieur :<br \/>\nun silence rempli de r\u00eaves<br \/>\ncr\u00e9pite.<br \/>\n(tout se transpercera<br \/>\nau r\u00e9veil).<\/p>\n<p>saisir alors le grand tissu,<br \/>\nle tordre et l&rsquo;essorer<br \/>\n&#8211; pour voir couler le motif.<\/p>\n<p><img loading=\"lazy\" decoding=\"async\" alt=\"\" src=\"http:\/\/p6.storage.canalblog.com\/61\/37\/434042\/55418467_p.jpg\" class=\"alignnone\" width=\"186\" height=\"450\" \/><\/p>\n","protected":false},"excerpt":{"rendered":"<p>c&rsquo;est dans son \u00e9paisseur (demi-voile, d\u00e9voilement) qu&rsquo;on peut vivre tiss\u00e9 dans le temps, pr\u00e9sent ailleurs semblable aux mouvements qu&rsquo;on d\u00e9chiffre dans les plis d&rsquo;un rideau. sanies vin et p\u00e9tales pleuvent dans cette chambre, leurs teintes riches, violac\u00e9es qu&rsquo;on frotte entre (&hellip;)<\/p>\n<p><a href=\"https:\/\/www.angle-vivant.net\/claireceira\/rideau-2-2\/\">Read the rest of this entry &raquo;<\/a><\/p>\n","protected":false},"author":1,"featured_media":0,"comment_status":"open","ping_status":"open","sticky":false,"template":"","format":"standard","meta":{"footnotes":""},"categories":[6],"tags":[],"class_list":["post-1249","post","type-post","status-publish","format-standard","hentry","category-koolhydraat-2"],"_links":{"self":[{"href":"https:\/\/www.angle-vivant.net\/claireceira\/wp-json\/wp\/v2\/posts\/1249","targetHints":{"allow":["GET"]}}],"collection":[{"href":"https:\/\/www.angle-vivant.net\/claireceira\/wp-json\/wp\/v2\/posts"}],"about":[{"href":"https:\/\/www.angle-vivant.net\/claireceira\/wp-json\/wp\/v2\/types\/post"}],"author":[{"embeddable":true,"href":"https:\/\/www.angle-vivant.net\/claireceira\/wp-json\/wp\/v2\/users\/1"}],"replies":[{"embeddable":true,"href":"https:\/\/www.angle-vivant.net\/claireceira\/wp-json\/wp\/v2\/comments?post=1249"}],"version-history":[{"count":5,"href":"https:\/\/www.angle-vivant.net\/claireceira\/wp-json\/wp\/v2\/posts\/1249\/revisions"}],"predecessor-version":[{"id":2572,"href":"https:\/\/www.angle-vivant.net\/claireceira\/wp-json\/wp\/v2\/posts\/1249\/revisions\/2572"}],"wp:attachment":[{"href":"https:\/\/www.angle-vivant.net\/claireceira\/wp-json\/wp\/v2\/media?parent=1249"}],"wp:term":[{"taxonomy":"category","embeddable":true,"href":"https:\/\/www.angle-vivant.net\/claireceira\/wp-json\/wp\/v2\/categories?post=1249"},{"taxonomy":"post_tag","embeddable":true,"href":"https:\/\/www.angle-vivant.net\/claireceira\/wp-json\/wp\/v2\/tags?post=1249"}],"curies":[{"name":"wp","href":"https:\/\/api.w.org\/{rel}","templated":true}]}}