{"id":1247,"date":"2011-06-28T09:34:00","date_gmt":"2011-06-28T09:34:00","guid":{"rendered":"https:\/\/www.angle-vivant.net\/claireceira\/?p=44"},"modified":"2017-01-04T20:41:29","modified_gmt":"2017-01-04T20:41:29","slug":"sans-titre-2-2","status":"publish","type":"post","link":"https:\/\/www.angle-vivant.net\/claireceira\/sans-titre-2-2\/","title":{"rendered":"\u00e0 l&rsquo;arr\u00eat"},"content":{"rendered":"<p><a href=\"https:\/\/www.angle-vivant.net\/claireceira\/wp-content\/uploads\/2011\/06\/photo.jpg-barque-st-Valery.jpg\"><img loading=\"lazy\" decoding=\"async\" src=\"https:\/\/www.angle-vivant.net\/claireceira\/wp-content\/uploads\/2011\/06\/photo.jpg-barque-st-Valery-300x225.jpg\" alt=\"\" title=\"photo.jpg barque st Valery\" width=\"300\" height=\"225\" class=\"alignnone size-medium wp-image-257\" srcset=\"https:\/\/www.angle-vivant.net\/claireceira\/wp-content\/uploads\/2011\/06\/photo.jpg-barque-st-Valery-300x225.jpg 300w, https:\/\/www.angle-vivant.net\/claireceira\/wp-content\/uploads\/2011\/06\/photo.jpg-barque-st-Valery-400x300.jpg 400w, https:\/\/www.angle-vivant.net\/claireceira\/wp-content\/uploads\/2011\/06\/photo.jpg-barque-st-Valery.jpg 800w\" sizes=\"auto, (max-width: 300px) 100vw, 300px\" \/><\/a><\/p>\n<p>Comme fig\u00e9es dans les ronces deux roues, un essieu<br \/>\nsous la pluie et dans le pass\u00e9 des virages,<br \/>\nl&rsquo;haleine des villes, l&rsquo;enfant courb\u00e9<br \/>\ndepuis sa derni\u00e8re fugue<br \/>\ndont on perce le secret.<\/p>\n<p>Tu as trouv\u00e9 une couleur h\u00e9sitante, un horizon<br \/>\nla nuance du d\u00e9vers des vagues sur le sable<br \/>\npur et l&rsquo;\u00e9cume en dessins mouvants&#8230;<br \/>\narcs pos\u00e9s sur le miroir, flous et tremblants<\/p>\n<p>fugaces &#8211; ton pas interrompt leur recul.<br \/>\ntu t&rsquo;adosses<br \/>\n\u00e0 la voix criarde des oiseaux derri\u00e8re toi,<br \/>\ntu l\u00e8ves les yeux et te lib\u00e8res<br \/>\ndes r\u00eaveries.<\/p>\n","protected":false},"excerpt":{"rendered":"<p>Comme fig\u00e9es dans les ronces deux roues, un essieu sous la pluie et dans le pass\u00e9 des virages, l&rsquo;haleine des villes, l&rsquo;enfant courb\u00e9 depuis sa derni\u00e8re fugue dont on perce le secret. Tu as trouv\u00e9 une couleur h\u00e9sitante, un horizon (&hellip;)<\/p>\n<p><a href=\"https:\/\/www.angle-vivant.net\/claireceira\/sans-titre-2-2\/\">Read the rest of this entry &raquo;<\/a><\/p>\n","protected":false},"author":1,"featured_media":0,"comment_status":"open","ping_status":"open","sticky":false,"template":"","format":"standard","meta":{"footnotes":""},"categories":[1],"tags":[],"class_list":["post-1247","post","type-post","status-publish","format-standard","hentry","category-non-classe"],"_links":{"self":[{"href":"https:\/\/www.angle-vivant.net\/claireceira\/wp-json\/wp\/v2\/posts\/1247","targetHints":{"allow":["GET"]}}],"collection":[{"href":"https:\/\/www.angle-vivant.net\/claireceira\/wp-json\/wp\/v2\/posts"}],"about":[{"href":"https:\/\/www.angle-vivant.net\/claireceira\/wp-json\/wp\/v2\/types\/post"}],"author":[{"embeddable":true,"href":"https:\/\/www.angle-vivant.net\/claireceira\/wp-json\/wp\/v2\/users\/1"}],"replies":[{"embeddable":true,"href":"https:\/\/www.angle-vivant.net\/claireceira\/wp-json\/wp\/v2\/comments?post=1247"}],"version-history":[{"count":3,"href":"https:\/\/www.angle-vivant.net\/claireceira\/wp-json\/wp\/v2\/posts\/1247\/revisions"}],"predecessor-version":[{"id":2666,"href":"https:\/\/www.angle-vivant.net\/claireceira\/wp-json\/wp\/v2\/posts\/1247\/revisions\/2666"}],"wp:attachment":[{"href":"https:\/\/www.angle-vivant.net\/claireceira\/wp-json\/wp\/v2\/media?parent=1247"}],"wp:term":[{"taxonomy":"category","embeddable":true,"href":"https:\/\/www.angle-vivant.net\/claireceira\/wp-json\/wp\/v2\/categories?post=1247"},{"taxonomy":"post_tag","embeddable":true,"href":"https:\/\/www.angle-vivant.net\/claireceira\/wp-json\/wp\/v2\/tags?post=1247"}],"curies":[{"name":"wp","href":"https:\/\/api.w.org\/{rel}","templated":true}]}}