{"id":1246,"date":"2011-03-28T16:37:00","date_gmt":"2011-03-28T16:37:00","guid":{"rendered":"https:\/\/www.angle-vivant.net\/claireceira\/?p=39"},"modified":"2017-01-28T18:50:51","modified_gmt":"2017-01-28T18:50:51","slug":"tristesse-comme-une-assise-i-2","status":"publish","type":"post","link":"https:\/\/www.angle-vivant.net\/claireceira\/tristesse-comme-une-assise-i-2\/","title":{"rendered":"tristesse, comme une assise"},"content":{"rendered":"<p>\u3000<br \/>\nLa pluie a cess\u00e9 mais les routes<br \/>\nbrillent comme des rivi\u00e8res,<br \/>\navec leurs lignes pointill\u00e9es et leurs signaux<br \/>\nentre la plaine brune et les \u00e9croulements des nuages<br \/>\nl&rsquo;\u00e9tranget\u00e9 des phares allum\u00e9s des motos<br \/>\nluttant contre la lumi\u00e8re du jour.<\/p>\n<p>je vais bient\u00f4t cesser ces allers et retours, cesser de traverser le pays<br \/>\ndu nord au sud. <\/p>\n<p>ce que j\u2019avais saisi entre deux doigts<br \/>\net que je rel\u00e2che<br \/>\na laiss\u00e9 une poussi\u00e8re bleut\u00e9e, un toucher de talc<br \/>\ncontinuant son chemin,<br \/>\nvibrant ou souffrant dans le jour et la nuit.<\/p>\n<p>\u2026\u2026\u2026\u2026\u2026\u2026\u2026\u2026\u2026\u2026\u2026\u2026\u2026<\/p>\n<p>Depuis que je cherche une maison j\u2019en ai vu de nombreuses<br \/>\net dans chacune imagin\u00e9 une vie diff\u00e9rente.<br \/>\nla beaut\u00e9 de la tristesse me saisit partout entre deux doigts,<br \/>\nalors je vais toujours vers un autre endroit<br \/>\nun lieu une assise.<\/p>\n<p>\u2026\u2026\u2026\u2026\u2026\u2026\u2026\u2026\u2026\u2026\u2026\u2026\u2026<\/p>\n<p>J&rsquo;ai trouv\u00e9 hier encore une trace sur ma main,<br \/>\nce qui s&rsquo;est d\u00e9pos\u00e9 et &#8211; sans pr\u00e9judice<br \/>\nperdu.<br \/>\nil y avait cette sensation t\u00e9nue, des ailes<br \/>\ndont la verticalit\u00e9 est saisie entre les doigts,<br \/>\nreprennent leur progression hasardeuse<br \/>\nhach\u00e9e et miroitante<br \/>\nvers le fond du jardin, o\u00f9 j&rsquo;\u00e9tais invit\u00e9e.<\/p>\n<p>cette douceur sup\u00e9rieure \u00e0 toutes celles qui sont connues :<br \/>\nune poussi\u00e8re bleu froid entre le pouce et l\u2019index.<\/p>\n<p>il y a ce qui a command\u00e9 quand m\u00eame<br \/>\nce geste de chasseur.<\/p>\n","protected":false},"excerpt":{"rendered":"<p>\u3000 La pluie a cess\u00e9 mais les routes brillent comme des rivi\u00e8res, avec leurs lignes pointill\u00e9es et leurs signaux entre la plaine brune et les \u00e9croulements des nuages l&rsquo;\u00e9tranget\u00e9 des phares allum\u00e9s des motos luttant contre la lumi\u00e8re du jour. (&hellip;)<\/p>\n<p><a href=\"https:\/\/www.angle-vivant.net\/claireceira\/tristesse-comme-une-assise-i-2\/\">Read the rest of this entry &raquo;<\/a><\/p>\n","protected":false},"author":1,"featured_media":0,"comment_status":"open","ping_status":"open","sticky":false,"template":"","format":"standard","meta":{"footnotes":""},"categories":[18,7],"tags":[],"class_list":["post-1246","post","type-post","status-publish","format-standard","hentry","category-strates","category-tgv"],"_links":{"self":[{"href":"https:\/\/www.angle-vivant.net\/claireceira\/wp-json\/wp\/v2\/posts\/1246","targetHints":{"allow":["GET"]}}],"collection":[{"href":"https:\/\/www.angle-vivant.net\/claireceira\/wp-json\/wp\/v2\/posts"}],"about":[{"href":"https:\/\/www.angle-vivant.net\/claireceira\/wp-json\/wp\/v2\/types\/post"}],"author":[{"embeddable":true,"href":"https:\/\/www.angle-vivant.net\/claireceira\/wp-json\/wp\/v2\/users\/1"}],"replies":[{"embeddable":true,"href":"https:\/\/www.angle-vivant.net\/claireceira\/wp-json\/wp\/v2\/comments?post=1246"}],"version-history":[{"count":8,"href":"https:\/\/www.angle-vivant.net\/claireceira\/wp-json\/wp\/v2\/posts\/1246\/revisions"}],"predecessor-version":[{"id":2766,"href":"https:\/\/www.angle-vivant.net\/claireceira\/wp-json\/wp\/v2\/posts\/1246\/revisions\/2766"}],"wp:attachment":[{"href":"https:\/\/www.angle-vivant.net\/claireceira\/wp-json\/wp\/v2\/media?parent=1246"}],"wp:term":[{"taxonomy":"category","embeddable":true,"href":"https:\/\/www.angle-vivant.net\/claireceira\/wp-json\/wp\/v2\/categories?post=1246"},{"taxonomy":"post_tag","embeddable":true,"href":"https:\/\/www.angle-vivant.net\/claireceira\/wp-json\/wp\/v2\/tags?post=1246"}],"curies":[{"name":"wp","href":"https:\/\/api.w.org\/{rel}","templated":true}]}}